{"id":19529,"date":"2025-12-03T12:36:54","date_gmt":"2025-12-03T12:36:54","guid":{"rendered":"https:\/\/ladepeche.mr\/?p=19529"},"modified":"2025-12-03T12:36:54","modified_gmt":"2025-12-03T12:36:54","slug":"le-mali-recupere-12-milliard-de-dollars-aupres-des-societes-minieres","status":"publish","type":"post","link":"https:\/\/ladepeche.mr\/?p=19529","title":{"rendered":"Le Mali r\u00e9cup\u00e8re 1,2 milliard de dollars aupr\u00e8s des soci\u00e9t\u00e9s mini\u00e8res"},"content":{"rendered":"<p>Le Mali a recouvr\u00e9 761 milliards de francs CFA, soit environ 1,2 milliard de dollars, d&#8217;arri\u00e9r\u00e9s aupr\u00e8s des soci\u00e9t\u00e9s mini\u00e8res, a annonc\u00e9 son ministre de l\u2019\u00c9conomie et des Finances, Alouss\u00e9ni Sanou. Il s\u2019agit de l\u2019une des plus importantes r\u00e9cup\u00e9rations du pays dans son secteur extractif.<br \/>\nCette somme fait suite \u00e0 un audit approfondi du secteur minier, lanc\u00e9 au d\u00e9but de l\u2019ann\u00e9e 2023 par le gouvernement militaire. L\u2019enqu\u00eate avait mis en lumi\u00e8re des manques \u00e0 gagner massifs pour l\u2019\u00c9tat, estim\u00e9s entre 300 et 600 milliards de francs CFA, et ouvert la voie \u00e0 un nouveau code minier.<\/p>\n<p>Cette r\u00e9forme a notamment augment\u00e9 les redevances, renforc\u00e9 la participation de l\u2019\u00c9tat dans les soci\u00e9t\u00e9s mini\u00e8res et supprim\u00e9 certaines clauses de stabilit\u00e9. Elle a \u00e9galement entra\u00een\u00e9 un conflit de deux ans avec le minier canadien Barrick Mining, premier producteur d\u2019or du Mali, avant la conclusion d\u2019un accord en novembre dernier.<br \/>\nLe ministre Sanou, s\u2019exprimant lundi \u00e0 la t\u00e9l\u00e9vision publique, n\u2019a pas pr\u00e9cis\u00e9 si les 761 milliards incluaient les 244 milliards de francs CFA li\u00e9s \u00e0 cet accord avec Barrick. Cette op\u00e9ration marque n\u00e9anmoins une \u00e9tape majeure dans la refonte du secteur minier malien et le renforcement des recettes publiques.<br \/>\nhttps:\/\/www.msn.com\/fr-xl\/actualite\/afrique\/le-mali-r%C3%A9cup%C3%A8re-1-2-milliard-de-dollars-aupr%C3%A8s-des-soci%C3%A9t%C3%A9s-mini%C3%A8res\/ar-AA1RCRpC?ocid=msedgdhp&#038;pc=U531&#038;cvid=693028e8fcd34e9d9b47d8a332bd3ccb&#038;ei=27<\/p>\n","protected":false},"excerpt":{"rendered":"<p>Le Mali a recouvr\u00e9 761 milliards de francs CFA, soit environ 1,2 milliard de dollars, d&#8217;arri\u00e9r\u00e9s aupr\u00e8s des soci\u00e9t\u00e9s mini\u00e8res, a annonc\u00e9 son ministre de l\u2019\u00c9conomie et des Finances, Alouss\u00e9ni Sanou. Il s\u2019agit de l\u2019une des plus importantes r\u00e9cup\u00e9rations du pays dans son secteur extractif. Cette somme fait suite \u00e0 un audit approfondi du secteur &hellip;<\/p>\n","protected":false},"author":2,"featured_media":19530,"comment_status":"open","ping_status":"open","sticky":false,"template":"","format":"standard","meta":{"footnotes":""},"categories":[18,29],"tags":[],"class_list":["post-19529","post","type-post","status-publish","format-standard","has-post-thumbnail","hentry","category-actualites","category-monde"],"_links":{"self":[{"href":"https:\/\/ladepeche.mr\/index.php?rest_route=\/wp\/v2\/posts\/19529","targetHints":{"allow":["GET"]}}],"collection":[{"href":"https:\/\/ladepeche.mr\/index.php?rest_route=\/wp\/v2\/posts"}],"about":[{"href":"https:\/\/ladepeche.mr\/index.php?rest_route=\/wp\/v2\/types\/post"}],"author":[{"embeddable":true,"href":"https:\/\/ladepeche.mr\/index.php?rest_route=\/wp\/v2\/users\/2"}],"replies":[{"embeddable":true,"href":"https:\/\/ladepeche.mr\/index.php?rest_route=%2Fwp%2Fv2%2Fcomments&post=19529"}],"version-history":[{"count":1,"href":"https:\/\/ladepeche.mr\/index.php?rest_route=\/wp\/v2\/posts\/19529\/revisions"}],"predecessor-version":[{"id":19531,"href":"https:\/\/ladepeche.mr\/index.php?rest_route=\/wp\/v2\/posts\/19529\/revisions\/19531"}],"wp:featuredmedia":[{"embeddable":true,"href":"https:\/\/ladepeche.mr\/index.php?rest_route=\/wp\/v2\/media\/19530"}],"wp:attachment":[{"href":"https:\/\/ladepeche.mr\/index.php?rest_route=%2Fwp%2Fv2%2Fmedia&parent=19529"}],"wp:term":[{"taxonomy":"category","embeddable":true,"href":"https:\/\/ladepeche.mr\/index.php?rest_route=%2Fwp%2Fv2%2Fcategories&post=19529"},{"taxonomy":"post_tag","embeddable":true,"href":"https:\/\/ladepeche.mr\/index.php?rest_route=%2Fwp%2Fv2%2Ftags&post=19529"}],"curies":[{"name":"wp","href":"https:\/\/api.w.org\/{rel}","templated":true}]}}