{"id":19532,"date":"2025-12-03T16:00:52","date_gmt":"2025-12-03T16:00:52","guid":{"rendered":"https:\/\/ladepeche.mr\/?p=19532"},"modified":"2025-12-03T12:51:33","modified_gmt":"2025-12-03T12:51:33","slug":"solaire-et-stockage-la-france-soutient-lextension-des-capacites-electriques-en-mauritanie","status":"publish","type":"post","link":"https:\/\/ladepeche.mr\/?p=19532","title":{"rendered":"Solaire et stockage : la France soutient l\u2019extension des capacit\u00e9s \u00e9lectriques en Mauritanie"},"content":{"rendered":"<p>Engag\u00e9e dans Mission 300 et d\u00e9termin\u00e9e \u00e0 acc\u00e9l\u00e9rer l\u2019acc\u00e8s universel, la Mauritanie re\u00e7oit un appui financier de la France pour soutenir son programme, une \u00e9volution de bon augure pour la mise en \u0153uvre de sa strat\u00e9gie d\u2019\u00e9lectrification.<\/p>\n<p>La Mauritanie et la France ont sign\u00e9 fin novembre une convention de pr\u00eat concessionnel de plus de 39 millions d\u2019euros destin\u00e9e \u00e0 financer la construction de dix centrales solaires int\u00e9grant des syst\u00e8mes de stockage. La convention a \u00e9t\u00e9 sign\u00e9e \u00e0 Nouakchott par le ministre mauritanien des Affaires \u00e9conomiques et du D\u00e9veloppement et par le ministre d\u00e9l\u00e9gu\u00e9 fran\u00e7ais au Commerce ext\u00e9rieur et \u00e0 l\u2019Attractivit\u00e9 des investissements. Le communiqu\u00e9 du gouvernement ne pr\u00e9cise pas la puissance pr\u00e9vue ni les sites concern\u00e9s.<\/p>\n<p>L\u2019accord intervient dans un contexte o\u00f9 le gouvernement mauritanien cherche \u00e0 transformer son syst\u00e8me \u00e9lectrique pour r\u00e9pondre \u00e0 la demande croissante. Le pays vise un acc\u00e8s universel \u00e0 l\u2019horizon 2030, ce qui repr\u00e9sente 3,4 millions de personnes suppl\u00e9mentaires \u00e0 raccorder. Pour ce faire, la capacit\u00e9 de production actuelle devra \u00eatre augment\u00e9e de 66 %, en misant notamment sur les \u00e9nergies renouvelables dont la part dans le bouquet \u00e9lectrique devrait atteindre 70 %.<\/p>\n<p>Le pays met en avant un cadre de r\u00e9forme con\u00e7u pour accompagner cette trajectoire. Le nouveau code de l\u2019\u00e9lectricit\u00e9 modernise l\u2019organisation du secteur en renfor\u00e7ant la r\u00e9gulation, en soutenant l\u2019\u00e9lectrification rurale et en ouvrant progressivement la concurrence pour la vente directe d\u2019\u00e9lectricit\u00e9 \u00e0 des clients qualifi\u00e9s. Les autorit\u00e9s misent \u00e9galement sur les partenaires de d\u00e9veloppement pour soutenir le financement des infrastructures n\u00e9cessaires.<\/p>\n<p>Les besoins d\u2019\u00e9lectrification restent en effet importants. Le taux d\u2019acc\u00e8s national est de 55 %, avec de fortes disparit\u00e9s : 6 % en zones rurales contre 91 % en zones urbaines. En 2023, la production \u00e9lectrique \u00e9tait de 1,66 TWh selon le gouvernement, pour une puissance install\u00e9e de 615,1 MW dont 44,36 % en sources renouvelables. Selon les donn\u00e9es de l\u2019AIE, le pays se classerait 29\u1d49 en Afrique en termes de production \u00e9lectrique en 2023.<\/p>\n<p>La Mauritanie dispose pourtant d\u2019abondantes ressources \u00e9nerg\u00e9tiques. Le potentiel solaire est parmi les plus \u00e9lev\u00e9s du continent, avec 2000 \u00e0 2300 kWh\/m\u00b2\/an. Le potentiel \u00e9olien est \u00e9galement significatif, surtout autour de Nouadhibou.<\/p>\n<p>L\u2019accord sign\u00e9 avec la France vient donc aider \u00e0 enclencher la dynamique souhait\u00e9e par le gouvernement, qui veut mobiliser 2,45 milliards de dollars de financement pour le secteur.<\/p>\n<p>Abdoullah Diop (agenceecofin.com)<\/p>\n","protected":false},"excerpt":{"rendered":"<p>Engag\u00e9e dans Mission 300 et d\u00e9termin\u00e9e \u00e0 acc\u00e9l\u00e9rer l\u2019acc\u00e8s universel, la Mauritanie re\u00e7oit un appui financier de la France pour soutenir son programme, une \u00e9volution de bon augure pour la mise en \u0153uvre de sa strat\u00e9gie d\u2019\u00e9lectrification. La Mauritanie et la France ont sign\u00e9 fin novembre une convention de pr\u00eat concessionnel de plus de 39 &hellip;<\/p>\n","protected":false},"author":2,"featured_media":19533,"comment_status":"open","ping_status":"open","sticky":false,"template":"","format":"standard","meta":{"footnotes":""},"categories":[18,2],"tags":[],"class_list":["post-19532","post","type-post","status-publish","format-standard","has-post-thumbnail","hentry","category-actualites","category-economie"],"_links":{"self":[{"href":"https:\/\/ladepeche.mr\/index.php?rest_route=\/wp\/v2\/posts\/19532","targetHints":{"allow":["GET"]}}],"collection":[{"href":"https:\/\/ladepeche.mr\/index.php?rest_route=\/wp\/v2\/posts"}],"about":[{"href":"https:\/\/ladepeche.mr\/index.php?rest_route=\/wp\/v2\/types\/post"}],"author":[{"embeddable":true,"href":"https:\/\/ladepeche.mr\/index.php?rest_route=\/wp\/v2\/users\/2"}],"replies":[{"embeddable":true,"href":"https:\/\/ladepeche.mr\/index.php?rest_route=%2Fwp%2Fv2%2Fcomments&post=19532"}],"version-history":[{"count":1,"href":"https:\/\/ladepeche.mr\/index.php?rest_route=\/wp\/v2\/posts\/19532\/revisions"}],"predecessor-version":[{"id":19534,"href":"https:\/\/ladepeche.mr\/index.php?rest_route=\/wp\/v2\/posts\/19532\/revisions\/19534"}],"wp:featuredmedia":[{"embeddable":true,"href":"https:\/\/ladepeche.mr\/index.php?rest_route=\/wp\/v2\/media\/19533"}],"wp:attachment":[{"href":"https:\/\/ladepeche.mr\/index.php?rest_route=%2Fwp%2Fv2%2Fmedia&parent=19532"}],"wp:term":[{"taxonomy":"category","embeddable":true,"href":"https:\/\/ladepeche.mr\/index.php?rest_route=%2Fwp%2Fv2%2Fcategories&post=19532"},{"taxonomy":"post_tag","embeddable":true,"href":"https:\/\/ladepeche.mr\/index.php?rest_route=%2Fwp%2Fv2%2Ftags&post=19532"}],"curies":[{"name":"wp","href":"https:\/\/api.w.org\/{rel}","templated":true}]}}