{"id":19539,"date":"2025-12-03T14:00:36","date_gmt":"2025-12-03T14:00:36","guid":{"rendered":"https:\/\/ladepeche.mr\/?p=19539"},"modified":"2025-12-03T13:39:35","modified_gmt":"2025-12-03T13:39:35","slug":"cmw-entre-avancees-normatives-et-suspicion-en-rapport-avec-la-politique-dexternalisation-des-frontieres-de-lue","status":"publish","type":"post","link":"https:\/\/ladepeche.mr\/?p=19539","title":{"rendered":"CMW : Entre avanc\u00e9es normatives et suspicions li\u00e9es \u00e0 la politique d\u2019externalisation des fronti\u00e8res de l\u2019Ue"},"content":{"rendered":"<p>Le Comit\u00e9 des Nations Unies pour la protection des droits de tous les travailleurs migrants et des membres de leur famille (CMW) a examin\u00e9, hier et aujourd\u2019hui, le deuxi\u00e8me rapport p\u00e9riodique pr\u00e9sent\u00e9 par la Mauritanie dans le cadre de la Convention internationale relative aux droits des travailleurs migrants.<br \/>\nAu cours du dialogue, les experts du Comit\u00e9 ont salu\u00e9 les avanc\u00e9es normatives engag\u00e9es par Nouakchott, notamment la cr\u00e9ation d\u2019un tribunal sp\u00e9cialis\u00e9 pour lutter contre l\u2019esclavage, la traite des personnes et le trafic illicite de migrants. Ils ont toutefois soulign\u00e9 que le pays faisait face \u00e0 une crise migratoire \u00ab sans pr\u00e9c\u00e9dent \u00bb et ont interrog\u00e9 la d\u00e9l\u00e9gation sur l\u2019effectivit\u00e9 de plusieurs mesures et strat\u00e9gies nationales.<br \/>\nLes experts ont demand\u00e9 des pr\u00e9cisions sur la mise en \u0153uvre de la Strat\u00e9gie nationale de gestion de la migration, valable jusqu\u2019en 2030, en particulier concernant la gestion int\u00e9gr\u00e9e des fronti\u00e8res et la coop\u00e9ration internationale. Ils ont \u00e9galement exprim\u00e9 des pr\u00e9occupations relatives aux all\u00e9gations selon lesquelles la Mauritanie serait devenue un point cl\u00e9 de la politique d\u2019externalisation des fronti\u00e8res de l\u2019Union europ\u00e9enne, conduisant \u00e0 des expulsions ill\u00e9gales et \u00e0 un renforcement massif des contr\u00f4les depuis l\u2019accord conclu en 2024 avec l\u2019UE.<br \/>\nPlusieurs membres du Comit\u00e9 ont relay\u00e9 des inqui\u00e9tudes quant \u00e0 des renvois ne respectant pas les normes juridiques, \u00e0 des arrestations arbitraires de migrants, et \u00e0 des expulsions collectives sans possibilit\u00e9 de recours. Des accusations d\u2019in\u00e9galit\u00e9s d\u2019acc\u00e8s \u00e0 l\u2019emploi, au cr\u00e9dit ou \u00e0 la propri\u00e9t\u00e9 fonci\u00e8re ont \u00e9galement \u00e9t\u00e9 \u00e9voqu\u00e9es.<br \/>\nLes experts ont par ailleurs demand\u00e9 des informations sur les conditions de vie des r\u00e9fugi\u00e9s maliens install\u00e9s dans des camps en Mauritanie, lieux auxquels les organisations de la soci\u00e9t\u00e9 civile n\u2019auraient pas acc\u00e8s. Ils ont \u00e9galement mentionn\u00e9 des cas selon lesquels des migrants expuls\u00e9s se seraient vu confisquer salaires et biens.<br \/>\nPr\u00e9sentant le rapport, le Commissaire aux droits de l\u2019homme mauritanien, Sid\u2019Ahmed Ely Benane, a soulign\u00e9 que la migration constituait une composante historique majeure de la soci\u00e9t\u00e9 mauritanienne. Il a affirm\u00e9 que la protection des droits des travailleurs migrants \u00e9tait pour le pays un \u00ab devoir juridique \u00bb.<br \/>\nSelon lui, la Mauritanie accueille aujourd\u2019hui pr\u00e8s de 400 000 r\u00e9fugi\u00e9s, majoritairement maliens, auxquels sont garantis l\u2019acc\u00e8s \u00e0 l\u2019\u00e9tat civil, au march\u00e9 du travail, aux activit\u00e9s g\u00e9n\u00e9ratrices de revenus, ainsi qu\u2019aux services d\u2019\u00e9ducation et de sant\u00e9.<br \/>\nLe Commissaire a \u00e9galement mis en avant le renforcement du cadre l\u00e9gislatif et institutionnel du pays, ainsi que la r\u00e9vision r\u00e9cente de la Strat\u00e9gie nationale de gestion des migrations. Il a rappel\u00e9 qu\u2019une op\u00e9ration gratuite de d\u00e9livrance de cartes de s\u00e9jour avait permis de r\u00e9gulariser 147 000 \u00e9trangers en 2022.<br \/>\nLa d\u00e9l\u00e9gation a en outre affirm\u00e9 que l\u2019accord de 2024 avec l\u2019Union europ\u00e9enne ne confiait pas \u00e0 la Mauritanie la gestion de flux migratoires au nom de l\u2019Espagne ou de l\u2019UE, mais portait notamment sur l\u2019aide apport\u00e9e aux r\u00e9fugi\u00e9s maliens et aux communaut\u00e9s h\u00f4tes. Elle a insist\u00e9 sur le fait que la Mauritanie assumait seule, pour l\u2019essentiel, l\u2019accueil de plus de 400 000 r\u00e9fugi\u00e9s repr\u00e9sentant pr\u00e8s de 10 % de sa population.<\/p>\n","protected":false},"excerpt":{"rendered":"<p>Le Comit\u00e9 des Nations Unies pour la protection des droits de tous les travailleurs migrants et des membres de leur famille (CMW) a examin\u00e9, hier et aujourd\u2019hui, le deuxi\u00e8me rapport p\u00e9riodique pr\u00e9sent\u00e9 par la Mauritanie dans le cadre de la Convention internationale relative aux droits des travailleurs migrants. Au cours du dialogue, les experts du &hellip;<\/p>\n","protected":false},"author":2,"featured_media":19540,"comment_status":"open","ping_status":"open","sticky":false,"template":"","format":"standard","meta":{"footnotes":""},"categories":[18,29],"tags":[],"class_list":["post-19539","post","type-post","status-publish","format-standard","has-post-thumbnail","hentry","category-actualites","category-monde"],"_links":{"self":[{"href":"https:\/\/ladepeche.mr\/index.php?rest_route=\/wp\/v2\/posts\/19539","targetHints":{"allow":["GET"]}}],"collection":[{"href":"https:\/\/ladepeche.mr\/index.php?rest_route=\/wp\/v2\/posts"}],"about":[{"href":"https:\/\/ladepeche.mr\/index.php?rest_route=\/wp\/v2\/types\/post"}],"author":[{"embeddable":true,"href":"https:\/\/ladepeche.mr\/index.php?rest_route=\/wp\/v2\/users\/2"}],"replies":[{"embeddable":true,"href":"https:\/\/ladepeche.mr\/index.php?rest_route=%2Fwp%2Fv2%2Fcomments&post=19539"}],"version-history":[{"count":2,"href":"https:\/\/ladepeche.mr\/index.php?rest_route=\/wp\/v2\/posts\/19539\/revisions"}],"predecessor-version":[{"id":19542,"href":"https:\/\/ladepeche.mr\/index.php?rest_route=\/wp\/v2\/posts\/19539\/revisions\/19542"}],"wp:featuredmedia":[{"embeddable":true,"href":"https:\/\/ladepeche.mr\/index.php?rest_route=\/wp\/v2\/media\/19540"}],"wp:attachment":[{"href":"https:\/\/ladepeche.mr\/index.php?rest_route=%2Fwp%2Fv2%2Fmedia&parent=19539"}],"wp:term":[{"taxonomy":"category","embeddable":true,"href":"https:\/\/ladepeche.mr\/index.php?rest_route=%2Fwp%2Fv2%2Fcategories&post=19539"},{"taxonomy":"post_tag","embeddable":true,"href":"https:\/\/ladepeche.mr\/index.php?rest_route=%2Fwp%2Fv2%2Ftags&post=19539"}],"curies":[{"name":"wp","href":"https:\/\/api.w.org\/{rel}","templated":true}]}}