{"id":19543,"date":"2025-12-04T10:18:45","date_gmt":"2025-12-04T10:18:45","guid":{"rendered":"https:\/\/ladepeche.mr\/?p=19543"},"modified":"2025-12-04T13:44:03","modified_gmt":"2025-12-04T13:44:03","slug":"passif-humanitaire-le-gouvernement-cherche-une-solution-durable-ministre","status":"publish","type":"post","link":"https:\/\/ladepeche.mr\/?p=19543","title":{"rendered":"Passif humanitaire : Le gouvernement cherche une solution durable (ministre)"},"content":{"rendered":"<p>Le ministre de la Culture, des Arts, de la Communication et des Relations avec le Parlement \u2013 porte-parole du gouvernement, Houssein Ould Meddou a exhort\u00e9 mercredi \u00e0 \u00e9viter la surench\u00e8re \u00e0 propos du passif humanitaire dans le pays afin d\u2019aider \u00e0 lui trouver une issue durable, a-t-il notamment expliqu\u00e9.<br \/>\nLe porte-parole du gouvernement a encore rappel\u00e9 qu\u2019une commission, mise en place, depuis trois ans, travaille d\u2019arrache-pied depuis pour lui trouver \u00ab une solution juste, durable et en concertation avec les victimes \u00bb.<br \/>\nLe ministre a encore insist\u00e9 sur le fait que l\u2019aboutissement de ce processus ne pourrait se concr\u00e9tiser que dans la s\u00e9r\u00e9nit\u00e9 et le rejet de r\u00e9cup\u00e9ration politique de ce dossier vieux de plusieurs decennies et que le pr\u00e9sident aurait \u00e0 c\u0153ur de r\u00e9soudre.<br \/>\nOuld Meddou qui s\u2019exprimait \u00e0 l\u2019issue du dernier conseil des ministres a encore pr\u00e9cis\u00e9 que  cette volont\u00e9 du Pr\u00e9sident de la R\u00e9publique, \u00ab de mettre fin \u00e0 toutes les formes d\u2019injustice en Mauritanie, dont le passif humanitaire \u00bb, a \u00e9t\u00e9 r\u00e9it\u00e9r\u00e9 \u00e0 maintes reprises.<br \/>\nLa Mauritanie a connu une p\u00e9riode de plomb la fin des ann\u00e9es 80 avec une tentative de putsch  men\u00e9e par des officiers toucouleurs. L\u2019\u00e9chec de la tentative de coup d\u2019Etat a ouvert la porte \u00e0 une purge au sein de l\u2019arm\u00e9e, \u00e0 l\u2019ex\u00e9cution et au mauvais traitement inflig\u00e9 en prisons contre des acteurs de la tentative de renversement contre l\u2019ancien pr\u00e9sident Maaouiya Ould Sid\u2019Ahmed Taya, actuellement en exil au Qatar.<br \/>\nEn 1993, le pouvoir du pr\u00e9sident Taya avait fait voter une loi d\u2019amnistie au profit des militaires impliqu\u00e9s dans la purge contre leurs fr\u00e8res d\u2019armes.<br \/>\nA noter qu\u2019une initiative visant \u00e0 accorder des r\u00e9parations mat\u00e9rielles aux ayants droits des victimes est d\u00e9j\u00e0 lanc\u00e9e. Mais elle n\u2019acquiert pas le consentement de tous.<\/p>\n","protected":false},"excerpt":{"rendered":"<p>Le ministre de la Culture, des Arts, de la Communication et des Relations avec le Parlement \u2013 porte-parole du gouvernement, Houssein Ould Meddou a exhort\u00e9 mercredi \u00e0 \u00e9viter la surench\u00e8re \u00e0 propos du passif humanitaire dans le pays afin d\u2019aider \u00e0 lui trouver une issue durable, a-t-il notamment expliqu\u00e9. Le porte-parole du gouvernement a encore &hellip;<\/p>\n","protected":false},"author":2,"featured_media":19544,"comment_status":"open","ping_status":"open","sticky":false,"template":"","format":"standard","meta":{"footnotes":""},"categories":[18,31],"tags":[],"class_list":["post-19543","post","type-post","status-publish","format-standard","has-post-thumbnail","hentry","category-actualites","category-politique-et-reportages"],"_links":{"self":[{"href":"https:\/\/ladepeche.mr\/index.php?rest_route=\/wp\/v2\/posts\/19543","targetHints":{"allow":["GET"]}}],"collection":[{"href":"https:\/\/ladepeche.mr\/index.php?rest_route=\/wp\/v2\/posts"}],"about":[{"href":"https:\/\/ladepeche.mr\/index.php?rest_route=\/wp\/v2\/types\/post"}],"author":[{"embeddable":true,"href":"https:\/\/ladepeche.mr\/index.php?rest_route=\/wp\/v2\/users\/2"}],"replies":[{"embeddable":true,"href":"https:\/\/ladepeche.mr\/index.php?rest_route=%2Fwp%2Fv2%2Fcomments&post=19543"}],"version-history":[{"count":4,"href":"https:\/\/ladepeche.mr\/index.php?rest_route=\/wp\/v2\/posts\/19543\/revisions"}],"predecessor-version":[{"id":19571,"href":"https:\/\/ladepeche.mr\/index.php?rest_route=\/wp\/v2\/posts\/19543\/revisions\/19571"}],"wp:featuredmedia":[{"embeddable":true,"href":"https:\/\/ladepeche.mr\/index.php?rest_route=\/wp\/v2\/media\/19544"}],"wp:attachment":[{"href":"https:\/\/ladepeche.mr\/index.php?rest_route=%2Fwp%2Fv2%2Fmedia&parent=19543"}],"wp:term":[{"taxonomy":"category","embeddable":true,"href":"https:\/\/ladepeche.mr\/index.php?rest_route=%2Fwp%2Fv2%2Fcategories&post=19543"},{"taxonomy":"post_tag","embeddable":true,"href":"https:\/\/ladepeche.mr\/index.php?rest_route=%2Fwp%2Fv2%2Ftags&post=19543"}],"curies":[{"name":"wp","href":"https:\/\/api.w.org\/{rel}","templated":true}]}}