{"id":19551,"date":"2025-12-04T11:00:02","date_gmt":"2025-12-04T11:00:02","guid":{"rendered":"https:\/\/ladepeche.mr\/?p=19551"},"modified":"2025-12-04T10:38:16","modified_gmt":"2025-12-04T10:38:16","slug":"mauritanie-litalie-envoie-sa-premiere-ambassadrice-a-nouakchott-et-vise-un-partenariat-strategique","status":"publish","type":"post","link":"https:\/\/ladepeche.mr\/?p=19551","title":{"rendered":"Mauritanie : l\u2019Italie envoie sa premi\u00e8re ambassadrice \u00e0 Nouakchott et vise un partenariat strat\u00e9gique"},"content":{"rendered":"<p>S\u2019ouvre une phase plus structur\u00e9e et ambitieuse des relations entre Rome et un pays consid\u00e9r\u00e9 comme \u00ab ami et prioritaire \u00bb dans la politique africaine du gouvernement italien.<br \/>\nAvec l\u2019arriv\u00e9e \u00e0 Nouakchott de la nouvelle ambassadrice d\u2019Italie, Paola Maria Cristina Russo, s\u2019ouvre une phase plus structur\u00e9e et ambitieuse des relations entre Rome et la Mauritanie, pays consid\u00e9r\u00e9 comme \u00ab ami et prioritaire \u00bb dans la politique africaine du gouvernement italien. La diplomate \u2013 en poste auparavant au S\u00e9n\u00e9gal, en Allemagne, au Maroc et en Suisse \u2013 dirigera une repr\u00e9sentation inaugur\u00e9e il y a quelques semaines par le ministre des Affaires \u00e9trang\u00e8res Antonio Tajani, accompagn\u00e9 du ministre de l\u2019Int\u00e9rieur Matteo Piantedosi, lors d\u2019une mission en Afrique de l\u2019Ouest qui a confirm\u00e9 la place strat\u00e9gique de la Mauritanie dans le Plan Mattei pour le d\u00e9veloppement du continent africain. \u00ab Honor\u00e9e de repr\u00e9senter l\u2019Italie en Mauritanie : un pays ami, cl\u00e9 dans une zone prioritaire pour l\u2019Italie. Je suis pr\u00eate \u00e0 renforcer davantage notre projection \u00e9conomique et nos relations bilat\u00e9rales \u00e0 360 degr\u00e9s \u00bb, a d\u00e9clar\u00e9 la premi\u00e8re diplomate italienne r\u00e9sidente \u00e0 Nouakchott.<\/p>\n<p>L\u2019ouverture de l\u2019ambassade \u2013 la quatri\u00e8me au Sahel ces dix derni\u00e8res ann\u00e9es apr\u00e8s celles du Niger, du Burkina Faso et du Mali \u2013 constitue un signal politique fort. Le pays dirig\u00e9 par le pr\u00e9sident Mohamed Ould Ghazouani est en effet consid\u00e9r\u00e9 par Rome comme un pilier de stabilit\u00e9 dans une r\u00e9gion travers\u00e9e par des crises profondes. Contrairement au Mali, au Burkina Faso et au Niger, confront\u00e9s \u00e0 la combinaison de putschs militaires, insurrections jihadistes et retrait de missions internationales, la Mauritanie se distingue par un \u00e9quilibre institutionnel qui r\u00e9siste aux chocs r\u00e9gionaux. Les flux de r\u00e9fugi\u00e9s en provenance du Mali continuent toutefois d\u2019augmenter, comme le montrent les donn\u00e9es r\u00e9centes du HCR : plus de 300 000 personnes sont aujourd\u2019hui accueillies dans le pays, dont de nouveaux arrivants venant de la r\u00e9gion de Tombouctou sous forte pression jihadiste. Nouakchott demeure ainsi un bastion s\u00e9curitaire dans un Sahel profond\u00e9ment instable.<br \/>\nLire la suite sur: https:\/\/www.agi.it\/maeci\/fr\/news\/2025-12-03\/italie-premire-ambassadrice-nouakchott-34473320\/<\/p>\n","protected":false},"excerpt":{"rendered":"<p>S\u2019ouvre une phase plus structur\u00e9e et ambitieuse des relations entre Rome et un pays consid\u00e9r\u00e9 comme \u00ab ami et prioritaire \u00bb dans la politique africaine du gouvernement italien. Avec l\u2019arriv\u00e9e \u00e0 Nouakchott de la nouvelle ambassadrice d\u2019Italie, Paola Maria Cristina Russo, s\u2019ouvre une phase plus structur\u00e9e et ambitieuse des relations entre Rome et la Mauritanie, &hellip;<\/p>\n","protected":false},"author":2,"featured_media":19552,"comment_status":"open","ping_status":"open","sticky":false,"template":"","format":"standard","meta":{"footnotes":""},"categories":[18,29],"tags":[],"class_list":["post-19551","post","type-post","status-publish","format-standard","has-post-thumbnail","hentry","category-actualites","category-monde"],"_links":{"self":[{"href":"https:\/\/ladepeche.mr\/index.php?rest_route=\/wp\/v2\/posts\/19551","targetHints":{"allow":["GET"]}}],"collection":[{"href":"https:\/\/ladepeche.mr\/index.php?rest_route=\/wp\/v2\/posts"}],"about":[{"href":"https:\/\/ladepeche.mr\/index.php?rest_route=\/wp\/v2\/types\/post"}],"author":[{"embeddable":true,"href":"https:\/\/ladepeche.mr\/index.php?rest_route=\/wp\/v2\/users\/2"}],"replies":[{"embeddable":true,"href":"https:\/\/ladepeche.mr\/index.php?rest_route=%2Fwp%2Fv2%2Fcomments&post=19551"}],"version-history":[{"count":1,"href":"https:\/\/ladepeche.mr\/index.php?rest_route=\/wp\/v2\/posts\/19551\/revisions"}],"predecessor-version":[{"id":19553,"href":"https:\/\/ladepeche.mr\/index.php?rest_route=\/wp\/v2\/posts\/19551\/revisions\/19553"}],"wp:featuredmedia":[{"embeddable":true,"href":"https:\/\/ladepeche.mr\/index.php?rest_route=\/wp\/v2\/media\/19552"}],"wp:attachment":[{"href":"https:\/\/ladepeche.mr\/index.php?rest_route=%2Fwp%2Fv2%2Fmedia&parent=19551"}],"wp:term":[{"taxonomy":"category","embeddable":true,"href":"https:\/\/ladepeche.mr\/index.php?rest_route=%2Fwp%2Fv2%2Fcategories&post=19551"},{"taxonomy":"post_tag","embeddable":true,"href":"https:\/\/ladepeche.mr\/index.php?rest_route=%2Fwp%2Fv2%2Ftags&post=19551"}],"curies":[{"name":"wp","href":"https:\/\/api.w.org\/{rel}","templated":true}]}}