{"id":19554,"date":"2025-12-04T11:30:54","date_gmt":"2025-12-04T11:30:54","guid":{"rendered":"https:\/\/ladepeche.mr\/?p=19554"},"modified":"2025-12-04T10:52:59","modified_gmt":"2025-12-04T10:52:59","slug":"limogeage-de-deux-medecins-reglement-de-compte-ou-sanction-motivee","status":"publish","type":"post","link":"https:\/\/ladepeche.mr\/?p=19554","title":{"rendered":"Limogeage de deux m\u00e9decins : R\u00e8glement de compte ou sanction motiv\u00e9e ?"},"content":{"rendered":"<p>C\u2019est une v\u00e9ritable onde de choc que provoque le limogeage par le ministre de la sant\u00e9 du chef du service des urgences et de son superviseur \u00e0 l\u2019h\u00f4pital de l\u2019Amiti\u00e9 \u00e0 l\u2019occasion d\u2019une inspection de routine. La d\u00e9cision marque l\u2019ouverture d\u2019une crise sans pr\u00e9c\u00e9dent entre le nouveau ministre de la Sant\u00e9, Mohamed Mahmoud Ould Ehel Mahmoud, et ses anciens coll\u00e8gues du corps m\u00e9dical. \u00c0 peine install\u00e9, le ministre fait face \u00e0 une contestation virulente qui met en doute les v\u00e9ritables motivations de cette d\u00e9cision exp\u00e9ditive.<br \/>\nLe Syndicat des m\u00e9decins sp\u00e9cialistes a d\u00e9nonc\u00e9, dans un communiqu\u00e9 publi\u00e9 mercredi, une mesure \u00ab soudaine et arbitraire \u00bb qui jetterait une ombre sur les relations entre le ministre et les m\u00e9decins qu\u2019il supervisait autrefois comme confr\u00e8re. Pour la corporation, il est difficile de dissocier cette sanction de la personnalit\u00e9 des responsables vis\u00e9s, en particulier celle du docteur Mohamed Lemine Ould Ahmedou, sp\u00e9cialiste en m\u00e9decine interne, reconnu pour son sens du devoir et son engagement ind\u00e9fectible. Le syndicat rappelle que ce dernier avait r\u00e9am\u00e9nag\u00e9 son propre bureau en salle d\u2019hospitalisation afin de faire face \u00e0 l\u2019afflux massif de patients d\u00fb \u00e0 la propagation de la dengue \u2014 un exemple, selon eux, de son d\u00e9vouement plut\u00f4t que d\u2019une quelconque n\u00e9gligence.<br \/>\nLe superviseur du service, \u00e9galement \u00e9vinc\u00e9, n\u2019aurait pour sa part commis aucune faute : il \u00e9tait pr\u00e9sent lors de la visite inopin\u00e9e du ministre, comme l\u2019a attest\u00e9 le m\u00e9decin de garde. D\u00e8s lors, le syndicat s\u2019interroge sur les motivations de la d\u00e9cision minist\u00e9rielle : assiste-t-on \u00e0 une sanction fond\u00e9e sur des manquements av\u00e9r\u00e9s, ou \u00e0 un r\u00e8glement de comptes interne d\u00e9sormais permis par l\u2019ascension d\u2019un ancien coll\u00e8gue \u00e0 un poste d\u2019autorit\u00e9 ?<br \/>\nL\u2019organisation syndicale pointe \u00e9galement la responsabilit\u00e9 de la direction de l\u2019h\u00f4pital de l\u2019Amiti\u00e9, accus\u00e9e de n\u2019avoir fourni ni explications ni contexte sur les conditions de travail particuli\u00e8rement difficiles des urgences, aggrav\u00e9es par l\u2019\u00e9pid\u00e9mie. En omettant de d\u00e9fendre ses cadres, la direction aurait facilit\u00e9 une d\u00e9cision jug\u00e9e disproportionn\u00e9e et injustifi\u00e9e.<br \/>\nFace \u00e0 ce qu\u2019elle consid\u00e8re comme une atteinte grave \u00e0 l\u2019int\u00e9grit\u00e9 professionnelle de deux praticiens respect\u00e9s, la corporation exige leur r\u00e9habilitation imm\u00e9diate. Elle appelle la direction \u00e0 assumer les cons\u00e9quences d\u2019une mesure qui, au-del\u00e0 des individus, inaugure un climat de d\u00e9fiance entre le ministre et les m\u00e9decins \u2014 un d\u00e9but de mandat plac\u00e9 sous le sceau du conflit plut\u00f4t que de la concertation.<\/p>\n","protected":false},"excerpt":{"rendered":"<p>C\u2019est une v\u00e9ritable onde de choc que provoque le limogeage par le ministre de la sant\u00e9 du chef du service des urgences et de son superviseur \u00e0 l\u2019h\u00f4pital de l\u2019Amiti\u00e9 \u00e0 l\u2019occasion d\u2019une inspection de routine. La d\u00e9cision marque l\u2019ouverture d\u2019une crise sans pr\u00e9c\u00e9dent entre le nouveau ministre de la Sant\u00e9, Mohamed Mahmoud Ould Ehel &hellip;<\/p>\n","protected":false},"author":2,"featured_media":19555,"comment_status":"open","ping_status":"open","sticky":false,"template":"","format":"standard","meta":{"footnotes":""},"categories":[18,27],"tags":[],"class_list":["post-19554","post","type-post","status-publish","format-standard","has-post-thumbnail","hentry","category-actualites","category-sante"],"_links":{"self":[{"href":"https:\/\/ladepeche.mr\/index.php?rest_route=\/wp\/v2\/posts\/19554","targetHints":{"allow":["GET"]}}],"collection":[{"href":"https:\/\/ladepeche.mr\/index.php?rest_route=\/wp\/v2\/posts"}],"about":[{"href":"https:\/\/ladepeche.mr\/index.php?rest_route=\/wp\/v2\/types\/post"}],"author":[{"embeddable":true,"href":"https:\/\/ladepeche.mr\/index.php?rest_route=\/wp\/v2\/users\/2"}],"replies":[{"embeddable":true,"href":"https:\/\/ladepeche.mr\/index.php?rest_route=%2Fwp%2Fv2%2Fcomments&post=19554"}],"version-history":[{"count":1,"href":"https:\/\/ladepeche.mr\/index.php?rest_route=\/wp\/v2\/posts\/19554\/revisions"}],"predecessor-version":[{"id":19556,"href":"https:\/\/ladepeche.mr\/index.php?rest_route=\/wp\/v2\/posts\/19554\/revisions\/19556"}],"wp:featuredmedia":[{"embeddable":true,"href":"https:\/\/ladepeche.mr\/index.php?rest_route=\/wp\/v2\/media\/19555"}],"wp:attachment":[{"href":"https:\/\/ladepeche.mr\/index.php?rest_route=%2Fwp%2Fv2%2Fmedia&parent=19554"}],"wp:term":[{"taxonomy":"category","embeddable":true,"href":"https:\/\/ladepeche.mr\/index.php?rest_route=%2Fwp%2Fv2%2Fcategories&post=19554"},{"taxonomy":"post_tag","embeddable":true,"href":"https:\/\/ladepeche.mr\/index.php?rest_route=%2Fwp%2Fv2%2Ftags&post=19554"}],"curies":[{"name":"wp","href":"https:\/\/api.w.org\/{rel}","templated":true}]}}