{"id":19557,"date":"2025-12-04T12:00:14","date_gmt":"2025-12-04T12:00:14","guid":{"rendered":"https:\/\/ladepeche.mr\/?p=19557"},"modified":"2025-12-04T10:57:10","modified_gmt":"2025-12-04T10:57:10","slug":"a-washington-la-rdc-et-le-rwanda-vont-signer-pour-la-paix","status":"publish","type":"post","link":"https:\/\/ladepeche.mr\/?p=19557","title":{"rendered":"A Washington, la RDC et le Rwanda vont signer pour la paix"},"content":{"rendered":"<p>Avant la signature de l&#8217;accord attendu entre la R\u00e9publique d\u00e9mocratique du Congo et le Rwanda sous m\u00e9diation am\u00e9ricaine, une conf\u00e9rence de presse s&#8217;est tenue le mercredi 3 d\u00e9cembre 2025. Le porte-parole du gouvernement congolais Patrick Muyaya et la porte-parole de la pr\u00e9sidence congolaise Tina Salama \u00e9taient face \u00e0 la presse \u00e0 Washington.<br \/>\nPendant ce temps sur le terrain, des combats entre les rebelles de l\u2019AFC\/23 et l\u2019arm\u00e9e congolaise se sont poursuivis mercredi, la veille de la signature de l&#8217;accord entre les pr\u00e9sidents congolais, F\u00e9lix Tshisekedi, et rwandais, Paul Kagame.<\/p>\n<p><strong>&#8220;Le Rwanda ne veut pas la paix&#8221;<\/strong><br \/>\nInterrog\u00e9 au sujet des violents combats qui se d\u00e9roulent dans le Sud-Kivu, Patrick Muyaya, le ministre de la Communication de la RDC a expliqu\u00e9 que &#8220;cela prouve simplement que le Rwanda ne veut pas la paix&#8221;.<\/p>\n<p>Pour lui &#8220;le pr\u00e9sident est d\u00e9termin\u00e9&#8221; et la RDC fait tout son possible pour remplir sa part du contrat. Il a par ailleurs rappel\u00e9 que : &#8220;comme l&#8217;a d\u00e9clar\u00e9 le pr\u00e9sident des \u00c9tats-Unis il y a quelques jours, la paix signifie pour nous le retrait des troupes rwandaises et la fin de tout soutien au M23. Une fois que cela sera fait, nous pourrons commencer \u00e0 discuter tranquillement de paix, de d\u00e9veloppement et d&#8217;int\u00e9gration&#8221;.<\/p>\n<p>Au sujet des attentes de la RDC de l&#8217;administration Trump en termes de mise en \u0153uvre de l&#8217;accord et de comment cette administration va-t-elle contribuer \u00e0 faire respecter l&#8217;accord, Patrick Muyaya a rappel\u00e9 qu&#8217;au cours &#8220;des 30 derni\u00e8res ann\u00e9es, des millions de personnes ont perdu la vie et beaucoup continuent de souffrir&#8221;.<\/p>\n<p>Selon lui &#8220;les \u00c9tats-Unis disposent de diff\u00e9rents outils pour s&#8217;assurer que le Rwanda respectera son engagement, \u00e0 savoir retirer ses troupes de notre territoire et cesser de soutenir le M23&#8221;.<\/p>\n<p><strong>Pas de paix sans s\u00e9curit\u00e9<\/strong><br \/>\nConcernant les motivations de l&#8217;administration Trump, garante de l&#8217;accord de paix et ses chances d&#8217;aboutissement, Tina Salama, la porte-parole de la pr\u00e9sidence de la RDC estime pour sa part &#8220;qu&#8217;il ne peut pas y avoir de partenariat \u00e9conomique sans la paix et la s\u00e9curit\u00e9&#8221; de ce point de vue, selon elle, &#8220;les \u00c9tats-Unis vont s&#8217;impliquer car ils sont int\u00e9ress\u00e9s par ce que la RDC peut offrir&#8221;.<\/p>\n<p>Les rebelles de l\u2019AFC\/23 M23, qui n&#8217;ont jamais reconnu officiellement leurs liens avec le Rwanda, et Kinshasa s&#8217;accusent r\u00e9guli\u00e8rement de violer le cessez-le-feu qu&#8217;ils se sont engag\u00e9s \u00e0 respecter dans le cadre d&#8217;une m\u00e9diation parall\u00e8le men\u00e9e par le Qatar \u00e0 Doha.<\/p>\n<p><strong>Auteur: La r\u00e9daction francophone de la DW<\/strong><\/p>\n<p>https:\/\/www.msn.com\/fr-xl\/actualite\/afrique\/a-washington-la-rdc-et-le-rwanda-vont-signer-pour-la-paix\/ar-AA1RGPnw?ocid=msedgdhp&#038;pc=U531&#038;cvid=69315576e4e84e2280d29cc3d61b0834&#038;ei=14<\/p>\n","protected":false},"excerpt":{"rendered":"<p>Avant la signature de l&#8217;accord attendu entre la R\u00e9publique d\u00e9mocratique du Congo et le Rwanda sous m\u00e9diation am\u00e9ricaine, une conf\u00e9rence de presse s&#8217;est tenue le mercredi 3 d\u00e9cembre 2025. Le porte-parole du gouvernement congolais Patrick Muyaya et la porte-parole de la pr\u00e9sidence congolaise Tina Salama \u00e9taient face \u00e0 la presse \u00e0 Washington. Pendant ce temps &hellip;<\/p>\n","protected":false},"author":2,"featured_media":19558,"comment_status":"open","ping_status":"open","sticky":false,"template":"","format":"standard","meta":{"footnotes":""},"categories":[18,29],"tags":[],"class_list":["post-19557","post","type-post","status-publish","format-standard","has-post-thumbnail","hentry","category-actualites","category-monde"],"_links":{"self":[{"href":"https:\/\/ladepeche.mr\/index.php?rest_route=\/wp\/v2\/posts\/19557","targetHints":{"allow":["GET"]}}],"collection":[{"href":"https:\/\/ladepeche.mr\/index.php?rest_route=\/wp\/v2\/posts"}],"about":[{"href":"https:\/\/ladepeche.mr\/index.php?rest_route=\/wp\/v2\/types\/post"}],"author":[{"embeddable":true,"href":"https:\/\/ladepeche.mr\/index.php?rest_route=\/wp\/v2\/users\/2"}],"replies":[{"embeddable":true,"href":"https:\/\/ladepeche.mr\/index.php?rest_route=%2Fwp%2Fv2%2Fcomments&post=19557"}],"version-history":[{"count":1,"href":"https:\/\/ladepeche.mr\/index.php?rest_route=\/wp\/v2\/posts\/19557\/revisions"}],"predecessor-version":[{"id":19559,"href":"https:\/\/ladepeche.mr\/index.php?rest_route=\/wp\/v2\/posts\/19557\/revisions\/19559"}],"wp:featuredmedia":[{"embeddable":true,"href":"https:\/\/ladepeche.mr\/index.php?rest_route=\/wp\/v2\/media\/19558"}],"wp:attachment":[{"href":"https:\/\/ladepeche.mr\/index.php?rest_route=%2Fwp%2Fv2%2Fmedia&parent=19557"}],"wp:term":[{"taxonomy":"category","embeddable":true,"href":"https:\/\/ladepeche.mr\/index.php?rest_route=%2Fwp%2Fv2%2Fcategories&post=19557"},{"taxonomy":"post_tag","embeddable":true,"href":"https:\/\/ladepeche.mr\/index.php?rest_route=%2Fwp%2Fv2%2Ftags&post=19557"}],"curies":[{"name":"wp","href":"https:\/\/api.w.org\/{rel}","templated":true}]}}