{"id":19564,"date":"2025-12-04T13:00:01","date_gmt":"2025-12-04T13:00:01","guid":{"rendered":"https:\/\/ladepeche.mr\/?p=19564"},"modified":"2025-12-04T12:08:15","modified_gmt":"2025-12-04T12:08:15","slug":"la-mauritanie-fait-face-a-une-propagation-concentree-du-criquet-pelerin-risque-dexpansion-regionale","status":"publish","type":"post","link":"https:\/\/ladepeche.mr\/?p=19564","title":{"rendered":"La Mauritanie fait face \u00e0 une propagation concentr\u00e9e du criquet p\u00e8lerin, risque d\u2019expansion r\u00e9gionale"},"content":{"rendered":"<p>La Mauritanie conna\u00eet actuellement une recrudescence notable du criquet p\u00e8lerin, avec des concentrations observ\u00e9es dans des zones agricoles et pastorales du centre et du sud du pays. Selon des sources gouvernementales, l\u2019apparition de ces essaims est li\u00e9e \u00e0 une combinaison de facteurs climatiques, dont des pluies irr\u00e9guli\u00e8res mais suffisantes pour favoriser la croissance de la v\u00e9g\u00e9tation et l\u2019humidit\u00e9 n\u00e9cessaire \u00e0 la reproduction des insectes. Ces conditions cr\u00e9ent un environnement propice au d\u00e9veloppement rapide des populations de criquets, qui peuvent se multiplier et migrer sur de longues distances.<\/p>\n<p>Les \u00e9quipes de lutte antiacridienne sont mobilis\u00e9es dans plusieurs wilayas pour surveiller l\u2019\u00e9volution du ph\u00e9nom\u00e8ne et d\u00e9ployer des traitements terrestres ou a\u00e9riens lorsque des foyers denses sont identifi\u00e9s. Toutefois, les responsables mauritaniens soulignent que l\u2019efficacit\u00e9 de ces op\u00e9rations d\u00e9pend de leur rapidit\u00e9 et de leur capacit\u00e9 \u00e0 localiser les zones de reproduction avant que les essaims ne deviennent mobiles. Les services techniques cherchent \u00e0 coordonner leurs efforts avec les agriculteurs locaux afin d\u2019anticiper les mouvements et de limiter les d\u00e9g\u00e2ts sur les cultures.<\/p>\n<p>\u00c0 l\u2019\u00e9chelle r\u00e9gionale, la situation suscite l\u2019inqui\u00e9tude. Des organismes sp\u00e9cialis\u00e9s, dont le Centre climatique r\u00e9gional et certaines unit\u00e9s de surveillance sah\u00e9lienne, avertissent que le d\u00e9placement transfrontalier des criquets p\u00e8lerins pourrait toucher le S\u00e9n\u00e9gal, le Mali ou encore d\u2019autres zones situ\u00e9es plus \u00e0 l\u2019est si des mesures de confinement ne sont pas rapidement renforc\u00e9es. L\u2019historique des invasions acridiennes dans le Sahel montre que des foyers localis\u00e9s peuvent devenir des crises r\u00e9gionales lorsqu\u2019ils ne sont pas trait\u00e9s \u00e0 temps, avec des cons\u00e9quences importantes pour la s\u00e9curit\u00e9 alimentaire et les moyens de subsistance ruraux.<\/p>\n<p>Les experts rappellent que l\u2019approche la plus efficace repose sur une d\u00e9tection pr\u00e9coce et un partage d\u2019informations entre les pays concern\u00e9s. La coordination des donn\u00e9es m\u00e9t\u00e9orologiques, des rapports de terrain et des capacit\u00e9s op\u00e9rationnelles permet de cibler les zones prioritaires. Dans le cas de la Mauritanie, plusieurs partenaires techniques envisagent d\u2019apporter un soutien logistique afin d\u2019accro\u00eetre la couverture des op\u00e9rations de surveillance et de traitement.<\/p>\n<p>Dans l\u2019imm\u00e9diat, les autorit\u00e9s appellent \u00e0 la vigilance et invitent les communaut\u00e9s rurales \u00e0 signaler rapidement tout mouvement inhabituel de criquets. La pr\u00e9vention reste essentielle pour \u00e9viter une d\u00e9t\u00e9rioration de la situation et prot\u00e9ger les cultures \u00e0 l\u2019approche de la prochaine saison agricole. M\u00eame si le ph\u00e9nom\u00e8ne reste pour l\u2019instant circonscrit, la dynamique du criquet p\u00e8lerin impose une intervention rapide pour pr\u00e9venir un sc\u00e9nario d\u2019expansion r\u00e9gionale.<\/p>\n<p>https:\/\/north-africa.com\/la-mauritanie-fait-face-a-une-propagation-concentree-du-criquet-pelerin-risque-dexpansion-regionale\/<\/p>\n","protected":false},"excerpt":{"rendered":"<p>La Mauritanie conna\u00eet actuellement une recrudescence notable du criquet p\u00e8lerin, avec des concentrations observ\u00e9es dans des zones agricoles et pastorales du centre et du sud du pays. Selon des sources gouvernementales, l\u2019apparition de ces essaims est li\u00e9e \u00e0 une combinaison de facteurs climatiques, dont des pluies irr\u00e9guli\u00e8res mais suffisantes pour favoriser la croissance de la &hellip;<\/p>\n","protected":false},"author":2,"featured_media":19565,"comment_status":"open","ping_status":"open","sticky":false,"template":"","format":"standard","meta":{"footnotes":""},"categories":[18,21],"tags":[],"class_list":["post-19564","post","type-post","status-publish","format-standard","has-post-thumbnail","hentry","category-actualites","category-fluctuations"],"_links":{"self":[{"href":"https:\/\/ladepeche.mr\/index.php?rest_route=\/wp\/v2\/posts\/19564","targetHints":{"allow":["GET"]}}],"collection":[{"href":"https:\/\/ladepeche.mr\/index.php?rest_route=\/wp\/v2\/posts"}],"about":[{"href":"https:\/\/ladepeche.mr\/index.php?rest_route=\/wp\/v2\/types\/post"}],"author":[{"embeddable":true,"href":"https:\/\/ladepeche.mr\/index.php?rest_route=\/wp\/v2\/users\/2"}],"replies":[{"embeddable":true,"href":"https:\/\/ladepeche.mr\/index.php?rest_route=%2Fwp%2Fv2%2Fcomments&post=19564"}],"version-history":[{"count":1,"href":"https:\/\/ladepeche.mr\/index.php?rest_route=\/wp\/v2\/posts\/19564\/revisions"}],"predecessor-version":[{"id":19566,"href":"https:\/\/ladepeche.mr\/index.php?rest_route=\/wp\/v2\/posts\/19564\/revisions\/19566"}],"wp:featuredmedia":[{"embeddable":true,"href":"https:\/\/ladepeche.mr\/index.php?rest_route=\/wp\/v2\/media\/19565"}],"wp:attachment":[{"href":"https:\/\/ladepeche.mr\/index.php?rest_route=%2Fwp%2Fv2%2Fmedia&parent=19564"}],"wp:term":[{"taxonomy":"category","embeddable":true,"href":"https:\/\/ladepeche.mr\/index.php?rest_route=%2Fwp%2Fv2%2Fcategories&post=19564"},{"taxonomy":"post_tag","embeddable":true,"href":"https:\/\/ladepeche.mr\/index.php?rest_route=%2Fwp%2Fv2%2Ftags&post=19564"}],"curies":[{"name":"wp","href":"https:\/\/api.w.org\/{rel}","templated":true}]}}