{"id":19572,"date":"2025-12-04T17:47:21","date_gmt":"2025-12-04T17:47:21","guid":{"rendered":"https:\/\/ladepeche.mr\/?p=19572"},"modified":"2025-12-04T17:47:21","modified_gmt":"2025-12-04T17:47:21","slug":"affaire-du-laboratoire-de-la-police-le-ministre-de-linterieur-annonce-la-transmission-du-dossier-a-la-justice-media","status":"publish","type":"post","link":"https:\/\/ladepeche.mr\/?p=19572","title":{"rendered":"Affaire du \u201claboratoire de la police\u201d : le ministre de l\u2019int\u00e9rieur annonce la transmission du dossier \u00e0 la justice (m\u00e9dia)"},"content":{"rendered":"<p>Le ministre de l\u2019Int\u00e9rieur, de la D\u00e9centralisation et du D\u00e9veloppement local, Mohamed Ahmed Ould Mohamed El Ameen, a annonc\u00e9 jeudi que l\u2019enqu\u00eate men\u00e9e par la Direction g\u00e9n\u00e9rale de la s\u00fbret\u00e9 nationale sur le march\u00e9 de cr\u00e9ation d\u2019un laboratoire criminel pour la police est d\u00e9sormais boucl\u00e9e et que la partie \u00e0 caract\u00e8re p\u00e9nal du dossier a \u00e9t\u00e9 transf\u00e9r\u00e9e aux autorit\u00e9s judiciaires comp\u00e9tentes.<br \/>\nS\u2019exprimant devant une commission parlementaire, le ministre a pr\u00e9cis\u00e9 que la police nationale a d\u00e9j\u00e0 pris les mesures qu\u2019elle juge appropri\u00e9es concernant les \u00e9l\u00e9ments relevant de sa responsabilit\u00e9, sans toutefois en d\u00e9tailler la nature, r\u00e9v\u00e8le nos confr\u00e8res de Alakhbar en arabe.<br \/>\nCette clarification intervient en r\u00e9ponse \u00e0 une question du d\u00e9put\u00e9 Yahya Loud, qui interrogeait le gouvernement sur les p\u00e9rip\u00e9ties dudit dossier. Selon le ministre, les proc\u00e9dures judiciaires devraient suivre \u00ab prochainement \u00bb.<br \/>\nL\u2019affaire du Labo de la police a \u00e9clat\u00e9 en d\u00e9cembre 2024.  Plusieurs personnes sont cit\u00e9es comme partie prenante dans cette affaire.<\/p>\n","protected":false},"excerpt":{"rendered":"<p>Le ministre de l\u2019Int\u00e9rieur, de la D\u00e9centralisation et du D\u00e9veloppement local, Mohamed Ahmed Ould Mohamed El Ameen, a annonc\u00e9 jeudi que l\u2019enqu\u00eate men\u00e9e par la Direction g\u00e9n\u00e9rale de la s\u00fbret\u00e9 nationale sur le march\u00e9 de cr\u00e9ation d\u2019un laboratoire criminel pour la police est d\u00e9sormais boucl\u00e9e et que la partie \u00e0 caract\u00e8re p\u00e9nal du dossier a &hellip;<\/p>\n","protected":false},"author":2,"featured_media":12366,"comment_status":"open","ping_status":"open","sticky":false,"template":"","format":"standard","meta":{"footnotes":""},"categories":[18,2],"tags":[],"class_list":["post-19572","post","type-post","status-publish","format-standard","has-post-thumbnail","hentry","category-actualites","category-economie"],"_links":{"self":[{"href":"https:\/\/ladepeche.mr\/index.php?rest_route=\/wp\/v2\/posts\/19572","targetHints":{"allow":["GET"]}}],"collection":[{"href":"https:\/\/ladepeche.mr\/index.php?rest_route=\/wp\/v2\/posts"}],"about":[{"href":"https:\/\/ladepeche.mr\/index.php?rest_route=\/wp\/v2\/types\/post"}],"author":[{"embeddable":true,"href":"https:\/\/ladepeche.mr\/index.php?rest_route=\/wp\/v2\/users\/2"}],"replies":[{"embeddable":true,"href":"https:\/\/ladepeche.mr\/index.php?rest_route=%2Fwp%2Fv2%2Fcomments&post=19572"}],"version-history":[{"count":1,"href":"https:\/\/ladepeche.mr\/index.php?rest_route=\/wp\/v2\/posts\/19572\/revisions"}],"predecessor-version":[{"id":19573,"href":"https:\/\/ladepeche.mr\/index.php?rest_route=\/wp\/v2\/posts\/19572\/revisions\/19573"}],"wp:featuredmedia":[{"embeddable":true,"href":"https:\/\/ladepeche.mr\/index.php?rest_route=\/wp\/v2\/media\/12366"}],"wp:attachment":[{"href":"https:\/\/ladepeche.mr\/index.php?rest_route=%2Fwp%2Fv2%2Fmedia&parent=19572"}],"wp:term":[{"taxonomy":"category","embeddable":true,"href":"https:\/\/ladepeche.mr\/index.php?rest_route=%2Fwp%2Fv2%2Fcategories&post=19572"},{"taxonomy":"post_tag","embeddable":true,"href":"https:\/\/ladepeche.mr\/index.php?rest_route=%2Fwp%2Fv2%2Ftags&post=19572"}],"curies":[{"name":"wp","href":"https:\/\/api.w.org\/{rel}","templated":true}]}}