{"id":19574,"date":"2025-12-05T10:54:26","date_gmt":"2025-12-05T10:54:26","guid":{"rendered":"https:\/\/ladepeche.mr\/?p=19574"},"modified":"2025-12-05T10:54:26","modified_gmt":"2025-12-05T10:54:26","slug":"le-president-de-la-republique-se-rend-au-qatar-pour-participer-a-la-23eme-session-du-forum-de-doha","status":"publish","type":"post","link":"https:\/\/ladepeche.mr\/?p=19574","title":{"rendered":"Le Pr\u00e9sident de la R\u00e9publique se rend au Qatar pour participer \u00e0 la 23\u00e8me session du Forum de Doha"},"content":{"rendered":"<p>Son Excellence le Pr\u00e9sident de la R\u00e9publique, Monsieur Mohamed Ould Cheikh El- Ghazouani, a quitt\u00e9 Nouakchott \u00e0 l\u2019aube, ce vendredi, en direction de la capitale qatarie, pour participer \u00e0 la vingt-troisi\u00e8me session du Forum de Doha.<\/p>\n<p>Son Excellence le Pr\u00e9sident de la R\u00e9publique a \u00e9t\u00e9 salu\u00e9 \u00e0 son d\u00e9part de l\u2019a\u00e9roport international de Nouakchott \u201cOumtounsy\u201d par le Premier Ministre, Monsieur El Moctar Ould Djay, le Ministre Secr\u00e9taire g\u00e9n\u00e9ral de la Pr\u00e9sidence de la R\u00e9publique, Monsieur Moulay Ould Mohamed Laghdaf, les Ministres Conseillers \u00e0 la Pr\u00e9sidence de la R\u00e9publique, Monsieur Mohamed Mahmoud Ould Cheikh Abdallahi Ben Boya et Madame A\u00efssata Ba Yahya, le Ministre de la Justice, Monsieur Mohamed Ould Soueidatt, le Ministre des Affaires \u00c9trang\u00e8res, de la Coop\u00e9ration Africaine et des Mauritaniens de l\u2019Ext\u00e9rieur, Monsieur Mohamed Salem Ould Merzoug, le Ministre de l\u2019Int\u00e9rieur, de la D\u00e9centralisation et du D\u00e9veloppement Local, Monsieur Mohamed Ahmed Ould Mohamed Lemine, le Chef d\u2019\u00c9tat-major Particulier du Pr\u00e9sident de la R\u00e9publique, le G\u00e9n\u00e9ral de division Mohamed El Mokhtar Cheikh Menny, la Directrice adjointe du Cabinet du Pr\u00e9sident de la R\u00e9publique, Madame Gand\u00e9ga Fatimata, le wali adjoint de Nouakchott Ouest, Monsieur Khiyarhoum Ould El Moustapha, et le Vice-pr\u00e9sident de la R\u00e9gion de Nouakchott, Monsieur Idoumou Ould Abeidallah.<\/p>\n<p>Son Excellence le Pr\u00e9sident de la R\u00e9publique est accompagn\u00e9 d\u2019une importante d\u00e9l\u00e9gation comprenant Mesdames et Messieurs :<\/p>\n<p>\u2013 Mariem Fadel Dah, Premi\u00e8re Dame ;<\/p>\n<p>\u2013 Nani Ould Chrougha, Ministre en charge du Cabinet du Pr\u00e9sident de la R\u00e9publique ;<\/p>\n<p>\u2013 Abdallahi Ould Souleymane Ould Cheikh Sidiya, Ministre des Affaires \u00c9conomiques et du D\u00e9veloppement ;<\/p>\n<p>\u2013 Mohamed Ould Babana, Ambassadeur de la R\u00e9publique Islamique de Mauritanie \u00e0 Doha ;<\/p>\n<p>\u2013 Ahmed Ould Bah dut Hmeida, Conseiller \u00e0 la Pr\u00e9sidence de la R\u00e9publique ;<\/p>\n<p>\u2013 Mahamadou Ould M\u2019Haimid, Conseiller \u00e0 la Pr\u00e9sidence de la R\u00e9publique ;<\/p>\n<p>\u2013 Ousmane Tall, Conseiller \u00e0 la Pr\u00e9sidence de la R\u00e9publique ;<\/p>\n<p>\u2013 El Hassen Ould Ahmed, Directeur g\u00e9n\u00e9ral du Protocole d\u2019\u00c9tat.<br \/>\nAmi<\/p>\n","protected":false},"excerpt":{"rendered":"<p>Son Excellence le Pr\u00e9sident de la R\u00e9publique, Monsieur Mohamed Ould Cheikh El- Ghazouani, a quitt\u00e9 Nouakchott \u00e0 l\u2019aube, ce vendredi, en direction de la capitale qatarie, pour participer \u00e0 la vingt-troisi\u00e8me session du Forum de Doha. Son Excellence le Pr\u00e9sident de la R\u00e9publique a \u00e9t\u00e9 salu\u00e9 \u00e0 son d\u00e9part de l\u2019a\u00e9roport international de Nouakchott \u201cOumtounsy\u201d &hellip;<\/p>\n","protected":false},"author":2,"featured_media":19575,"comment_status":"open","ping_status":"open","sticky":false,"template":"","format":"standard","meta":{"footnotes":""},"categories":[18,29],"tags":[],"class_list":["post-19574","post","type-post","status-publish","format-standard","has-post-thumbnail","hentry","category-actualites","category-monde"],"_links":{"self":[{"href":"https:\/\/ladepeche.mr\/index.php?rest_route=\/wp\/v2\/posts\/19574","targetHints":{"allow":["GET"]}}],"collection":[{"href":"https:\/\/ladepeche.mr\/index.php?rest_route=\/wp\/v2\/posts"}],"about":[{"href":"https:\/\/ladepeche.mr\/index.php?rest_route=\/wp\/v2\/types\/post"}],"author":[{"embeddable":true,"href":"https:\/\/ladepeche.mr\/index.php?rest_route=\/wp\/v2\/users\/2"}],"replies":[{"embeddable":true,"href":"https:\/\/ladepeche.mr\/index.php?rest_route=%2Fwp%2Fv2%2Fcomments&post=19574"}],"version-history":[{"count":1,"href":"https:\/\/ladepeche.mr\/index.php?rest_route=\/wp\/v2\/posts\/19574\/revisions"}],"predecessor-version":[{"id":19576,"href":"https:\/\/ladepeche.mr\/index.php?rest_route=\/wp\/v2\/posts\/19574\/revisions\/19576"}],"wp:featuredmedia":[{"embeddable":true,"href":"https:\/\/ladepeche.mr\/index.php?rest_route=\/wp\/v2\/media\/19575"}],"wp:attachment":[{"href":"https:\/\/ladepeche.mr\/index.php?rest_route=%2Fwp%2Fv2%2Fmedia&parent=19574"}],"wp:term":[{"taxonomy":"category","embeddable":true,"href":"https:\/\/ladepeche.mr\/index.php?rest_route=%2Fwp%2Fv2%2Fcategories&post=19574"},{"taxonomy":"post_tag","embeddable":true,"href":"https:\/\/ladepeche.mr\/index.php?rest_route=%2Fwp%2Fv2%2Ftags&post=19574"}],"curies":[{"name":"wp","href":"https:\/\/api.w.org\/{rel}","templated":true}]}}