{"id":19580,"date":"2025-12-05T11:25:39","date_gmt":"2025-12-05T11:25:39","guid":{"rendered":"https:\/\/ladepeche.mr\/?p=19580"},"modified":"2025-12-05T11:25:39","modified_gmt":"2025-12-05T11:25:39","slug":"le-gouvernement-a-alloue-1-8-milliards-douguiyas-en-faveur-des-personnes-handicapees","status":"publish","type":"post","link":"https:\/\/ladepeche.mr\/?p=19580","title":{"rendered":"Le Gouvernement a allou\u00e9 1.8 milliards d&#8217;ouguiyas en faveur des personnes handicap\u00e9es"},"content":{"rendered":"<p>La Premi\u00e8re Dame, Dr Mariem Mohamed Fadel Dah, a supervis\u00e9 jeudi au Palais des Congr\u00e8s international \u201cMokhtar Ould Daddah\u201d le lancement des activit\u00e9s comm\u00e9morant la Journ\u00e9e internationale des personnes \u00e0 besoins sp\u00e9cifiques, plac\u00e9e sous le th\u00e8me : \u00ab L\u2019inclusion est un droit\u2026 et l\u2019autonomisation est une responsabilit\u00e9 \u00bb.<\/p>\n<p>Cet \u00e9v\u00e9nement met l\u2019accent sur la n\u00e9cessit\u00e9 de renforcer l\u2019inclusion des personnes handicap\u00e9es dans l\u2019\u00e9ducation, l\u2019emploi et l\u2019acc\u00e8s aux services essentiels, \u00e0 travers de nouveaux partenariats, programmes et financements.<\/p>\n<p>Dans son discours, la Premi\u00e8re Dame a salu\u00e9 la signature de plusieurs accords entre secteurs gouvernementaux, affirmant que l\u2019autonomisation des personnes handicap\u00e9es est \u00ab une responsabilit\u00e9 collective \u00bb. Elle a soulign\u00e9 que les mesures annonc\u00e9es consolident les efforts d\u00e9j\u00e0 fournis par l\u2019\u00c9tat et r\u00e9affirm\u00e9 son soutien \u00e0 toutes les initiatives publiques et communautaires en faveur de cette cat\u00e9gorie.<\/p>\n<p>La ministre de l\u2019Action sociale, Savia Mint Ntahah, a annonc\u00e9 un ensemble de projets et d\u2019accords repr\u00e9sentant une enveloppe d\u2019environ 1,899 milliard d\u2019anciennes ouguiyas, incluant un partenariat avec Taazour, le lancement du Prix d\u2019Excellence pour les personnes handicap\u00e9es, de nouveaux financements de projets, l\u2019extension des centres de formation et des transferts mon\u00e9taires pour 6 000 enfants handicap\u00e9s. Elle a rappel\u00e9 les avanc\u00e9es r\u00e9alis\u00e9es ces derni\u00e8res ann\u00e9es : adoption de la strat\u00e9gie nationale sur le handicap, int\u00e9gration du handicap dans le recensement 2024, augmentation des d\u00e9penses publiques, \u00e9quipements de mobilit\u00e9 et cartes d\u2019invalidit\u00e9 pour plus de 18 000 personnes.<\/p>\n<p>Le pr\u00e9sident de la F\u00e9d\u00e9ration mauritanienne des associations de personnes handicap\u00e9es, Lahbouss Ould El Id, a salu\u00e9 les progr\u00e8s accomplis en mati\u00e8re d\u2019acc\u00e8s aux services et de protection sociale, soulignant l\u2019importance d\u2019un partenariat renforc\u00e9 entre \u00c9tat, soci\u00e9t\u00e9 civile et acteurs internationaux pour b\u00e2tir une soci\u00e9t\u00e9 inclusive fond\u00e9e sur l\u2019\u00e9galit\u00e9.<\/p>\n<p>L\u2019ambassadeur d\u2019Allemagne, Florian Reindl, a affirm\u00e9 que la valeur d\u2019une soci\u00e9t\u00e9 r\u00e9side dans sa capacit\u00e9 \u00e0 offrir un espace \u00e9quitable et accessible \u00e0 tous, r\u00e9it\u00e9rant l\u2019engagement de son pays et des agences onusiennes \u00e0 soutenir les politiques d\u2019inclusion. Le repr\u00e9sentant de l\u2019UNICEF, K\u00e9bir Madraghi El Alaoui, a qualifi\u00e9 l\u2019adoption de la strat\u00e9gie nationale d\u2019inclusion de \u00ab tournant historique \u00bb, rappelant le r\u00f4le des transferts mon\u00e9taires pour lever les obstacles rencontr\u00e9s par les familles.<\/p>\n<p>La c\u00e9r\u00e9monie a \u00e9t\u00e9 marqu\u00e9e par la signature d\u2019un accord de coop\u00e9ration entre le minist\u00e8re de l\u2019Action sociale et Taazour, ainsi que par des pr\u00e9sentations mettant en lumi\u00e8re les initiatives nationales en mati\u00e8re d\u2019inclusion et d\u2019autonomisation.<\/p>\n<p>L\u2019\u00e9v\u00e9nement s\u2019est d\u00e9roul\u00e9 en pr\u00e9sence de plusieurs membres du gouvernement, de responsables administratifs, d\u2019autorit\u00e9s locales et de repr\u00e9sentants d\u2019organisations nationales et internationales.<\/p>\n","protected":false},"excerpt":{"rendered":"<p>La Premi\u00e8re Dame, Dr Mariem Mohamed Fadel Dah, a supervis\u00e9 jeudi au Palais des Congr\u00e8s international \u201cMokhtar Ould Daddah\u201d le lancement des activit\u00e9s comm\u00e9morant la Journ\u00e9e internationale des personnes \u00e0 besoins sp\u00e9cifiques, plac\u00e9e sous le th\u00e8me : \u00ab L\u2019inclusion est un droit\u2026 et l\u2019autonomisation est une responsabilit\u00e9 \u00bb. Cet \u00e9v\u00e9nement met l\u2019accent sur la n\u00e9cessit\u00e9 &hellip;<\/p>\n","protected":false},"author":2,"featured_media":19581,"comment_status":"open","ping_status":"open","sticky":false,"template":"","format":"standard","meta":{"footnotes":""},"categories":[18,27],"tags":[],"class_list":["post-19580","post","type-post","status-publish","format-standard","has-post-thumbnail","hentry","category-actualites","category-sante"],"_links":{"self":[{"href":"https:\/\/ladepeche.mr\/index.php?rest_route=\/wp\/v2\/posts\/19580","targetHints":{"allow":["GET"]}}],"collection":[{"href":"https:\/\/ladepeche.mr\/index.php?rest_route=\/wp\/v2\/posts"}],"about":[{"href":"https:\/\/ladepeche.mr\/index.php?rest_route=\/wp\/v2\/types\/post"}],"author":[{"embeddable":true,"href":"https:\/\/ladepeche.mr\/index.php?rest_route=\/wp\/v2\/users\/2"}],"replies":[{"embeddable":true,"href":"https:\/\/ladepeche.mr\/index.php?rest_route=%2Fwp%2Fv2%2Fcomments&post=19580"}],"version-history":[{"count":1,"href":"https:\/\/ladepeche.mr\/index.php?rest_route=\/wp\/v2\/posts\/19580\/revisions"}],"predecessor-version":[{"id":19582,"href":"https:\/\/ladepeche.mr\/index.php?rest_route=\/wp\/v2\/posts\/19580\/revisions\/19582"}],"wp:featuredmedia":[{"embeddable":true,"href":"https:\/\/ladepeche.mr\/index.php?rest_route=\/wp\/v2\/media\/19581"}],"wp:attachment":[{"href":"https:\/\/ladepeche.mr\/index.php?rest_route=%2Fwp%2Fv2%2Fmedia&parent=19580"}],"wp:term":[{"taxonomy":"category","embeddable":true,"href":"https:\/\/ladepeche.mr\/index.php?rest_route=%2Fwp%2Fv2%2Fcategories&post=19580"},{"taxonomy":"post_tag","embeddable":true,"href":"https:\/\/ladepeche.mr\/index.php?rest_route=%2Fwp%2Fv2%2Ftags&post=19580"}],"curies":[{"name":"wp","href":"https:\/\/api.w.org\/{rel}","templated":true}]}}