{"id":19590,"date":"2025-12-07T10:30:00","date_gmt":"2025-12-07T10:30:00","guid":{"rendered":"https:\/\/ladepeche.mr\/?p=19590"},"modified":"2025-12-06T22:58:15","modified_gmt":"2025-12-06T22:58:15","slug":"sahara-les-pays-bas-saluent-la-resolution-2797-et-soutiennent-linitiative-marocaine","status":"publish","type":"post","link":"https:\/\/ladepeche.mr\/?p=19590","title":{"rendered":"Sahara-Les Pays-Bas saluent la R\u00e9solution 2797 et soutiennent l\u2019initiative marocaine"},"content":{"rendered":"<p>Dans le cadre de la dynamique internationale cr\u00e9\u00e9e sous l\u2019impulsion de Sa Majest\u00e9 le Roi Mohammed VI, en soutien \u00e0 la souverainet\u00e9 du Maroc sur son Sahara et au Plan d\u2019autonomie, les Pays-Bas ont r\u00e9it\u00e9r\u00e9, vendredi \u00e0 La Haye, leur soutien \u00e0 l\u2019initiative marocaine d\u2019autonomie, la qualifiant de \u201csolution la plus r\u00e9aliste\u201d pour mettre un terme d\u00e9finitif \u00e0 ce diff\u00e9rend r\u00e9gional.<\/p>\n<p>Cette position a \u00e9t\u00e9 exprim\u00e9e dans une D\u00e9claration conjointe sign\u00e9e \u00e0 l\u2019issue d\u2019une rencontre entre le ministre marocain des Affaires \u00e9trang\u00e8res, Nasser Bourita, et le ministre n\u00e9erlandais des Affaires \u00c9trang\u00e8res et ministre de l\u2019Asile et de la Migration, David Van Weel.<\/p>\n<p>La Haye salue, dans ce document, l\u2019adoption r\u00e9cente de la R\u00e9solution 2797 du Conseil de s\u00e9curit\u00e9 de l\u2019ONU et exprime son plein soutien aux efforts du Secr\u00e9taire g\u00e9n\u00e9ral et de son Envoy\u00e9 personnel visant \u00e0 faciliter et mener des n\u00e9gociations fond\u00e9es sur l\u2019Initiative marocaine d\u2019autonomie, dans l\u2019objectif d\u2019aboutir \u00e0 une solution juste, durable et mutuellement acceptable, telle que pr\u00e9conis\u00e9e par les r\u00e9solutions pertinentes du Conseil de s\u00e9curit\u00e9.<\/p>\n<p>(avec medias)<\/p>\n","protected":false},"excerpt":{"rendered":"<p>Dans le cadre de la dynamique internationale cr\u00e9\u00e9e sous l\u2019impulsion de Sa Majest\u00e9 le Roi Mohammed VI, en soutien \u00e0 la souverainet\u00e9 du Maroc sur son Sahara et au Plan d\u2019autonomie, les Pays-Bas ont r\u00e9it\u00e9r\u00e9, vendredi \u00e0 La Haye, leur soutien \u00e0 l\u2019initiative marocaine d\u2019autonomie, la qualifiant de \u201csolution la plus r\u00e9aliste\u201d pour mettre un &hellip;<\/p>\n","protected":false},"author":2,"featured_media":19592,"comment_status":"open","ping_status":"open","sticky":false,"template":"","format":"standard","meta":{"footnotes":""},"categories":[18,29],"tags":[],"class_list":["post-19590","post","type-post","status-publish","format-standard","has-post-thumbnail","hentry","category-actualites","category-monde"],"_links":{"self":[{"href":"https:\/\/ladepeche.mr\/index.php?rest_route=\/wp\/v2\/posts\/19590","targetHints":{"allow":["GET"]}}],"collection":[{"href":"https:\/\/ladepeche.mr\/index.php?rest_route=\/wp\/v2\/posts"}],"about":[{"href":"https:\/\/ladepeche.mr\/index.php?rest_route=\/wp\/v2\/types\/post"}],"author":[{"embeddable":true,"href":"https:\/\/ladepeche.mr\/index.php?rest_route=\/wp\/v2\/users\/2"}],"replies":[{"embeddable":true,"href":"https:\/\/ladepeche.mr\/index.php?rest_route=%2Fwp%2Fv2%2Fcomments&post=19590"}],"version-history":[{"count":1,"href":"https:\/\/ladepeche.mr\/index.php?rest_route=\/wp\/v2\/posts\/19590\/revisions"}],"predecessor-version":[{"id":19591,"href":"https:\/\/ladepeche.mr\/index.php?rest_route=\/wp\/v2\/posts\/19590\/revisions\/19591"}],"wp:featuredmedia":[{"embeddable":true,"href":"https:\/\/ladepeche.mr\/index.php?rest_route=\/wp\/v2\/media\/19592"}],"wp:attachment":[{"href":"https:\/\/ladepeche.mr\/index.php?rest_route=%2Fwp%2Fv2%2Fmedia&parent=19590"}],"wp:term":[{"taxonomy":"category","embeddable":true,"href":"https:\/\/ladepeche.mr\/index.php?rest_route=%2Fwp%2Fv2%2Fcategories&post=19590"},{"taxonomy":"post_tag","embeddable":true,"href":"https:\/\/ladepeche.mr\/index.php?rest_route=%2Fwp%2Fv2%2Ftags&post=19590"}],"curies":[{"name":"wp","href":"https:\/\/api.w.org\/{rel}","templated":true}]}}