{"id":19593,"date":"2025-12-07T15:18:41","date_gmt":"2025-12-07T15:18:41","guid":{"rendered":"https:\/\/ladepeche.mr\/?p=19593"},"modified":"2025-12-07T15:18:41","modified_gmt":"2025-12-07T15:18:41","slug":"investiture-de-ouatara-ghazouani-repond-a-linvitation-de-son-ami","status":"publish","type":"post","link":"https:\/\/ladepeche.mr\/?p=19593","title":{"rendered":"Investiture de Ouatara : Ghazouani r\u00e9pond \u00e0 l\u2019invitation de son ami"},"content":{"rendered":"<p>Apr\u00e8s avoir effectu\u00e9 une visite priv\u00e9e \u00e0 M\u00e9dine, sur son chemin de retour du Forum de Doha, le pr\u00e9sident de la R\u00e9publique se rendra \u00e0 Abidjan pour assister le 8 d\u00e9cembre 2025 \u00e0 la c\u00e9r\u00e9monie d\u2019investiture du pr\u00e9sident Alassane Dramane Ouatara.<br \/>\nOuatara, 83 ans, a \u00e9t\u00e9 r\u00e9\u00e9lu en octobre pour un nouveau mandat de 4 ans \u00e0 la pr\u00e9sidence ivoirienne.<br \/>\nLe pr\u00e9sident Ghazouani, qui vient \u00e9galement de participer \u00e0 la 23 \u00e9dition du forum de Doha de 2025 plac\u00e9e sous le th\u00e8me d\u2019une br\u00fblante acuit\u00e9: &#8220;La justice en action : Au-del\u00e0 des promesses, vers le progr\u00e8s&#8221;- prendra part \u00e0 Abidjan, aux c\u00f4t\u00e9s d\u2019autres chefs d\u2019Etat et de Gouvernement ainsi que des pr\u00e9sidents d\u2019institutions internationales, \u00e0 la c\u00e9r\u00e9monie d\u2019investiture d\u2019Alassane Ouattara avec lequel il entretient de solides relations d\u2019amiti\u00e9.<br \/>\nLe pr\u00e9sident de la R\u00e9publique devrait regagner la capitale, le lendemain.<\/p>\n","protected":false},"excerpt":{"rendered":"<p>Apr\u00e8s avoir effectu\u00e9 une visite priv\u00e9e \u00e0 M\u00e9dine, sur son chemin de retour du Forum de Doha, le pr\u00e9sident de la R\u00e9publique se rendra \u00e0 Abidjan pour assister le 8 d\u00e9cembre 2025 \u00e0 la c\u00e9r\u00e9monie d\u2019investiture du pr\u00e9sident Alassane Dramane Ouatara. Ouatara, 83 ans, a \u00e9t\u00e9 r\u00e9\u00e9lu en octobre pour un nouveau mandat de 4 &hellip;<\/p>\n","protected":false},"author":2,"featured_media":19594,"comment_status":"open","ping_status":"open","sticky":false,"template":"","format":"standard","meta":{"footnotes":""},"categories":[18,29],"tags":[],"class_list":["post-19593","post","type-post","status-publish","format-standard","has-post-thumbnail","hentry","category-actualites","category-monde"],"_links":{"self":[{"href":"https:\/\/ladepeche.mr\/index.php?rest_route=\/wp\/v2\/posts\/19593","targetHints":{"allow":["GET"]}}],"collection":[{"href":"https:\/\/ladepeche.mr\/index.php?rest_route=\/wp\/v2\/posts"}],"about":[{"href":"https:\/\/ladepeche.mr\/index.php?rest_route=\/wp\/v2\/types\/post"}],"author":[{"embeddable":true,"href":"https:\/\/ladepeche.mr\/index.php?rest_route=\/wp\/v2\/users\/2"}],"replies":[{"embeddable":true,"href":"https:\/\/ladepeche.mr\/index.php?rest_route=%2Fwp%2Fv2%2Fcomments&post=19593"}],"version-history":[{"count":1,"href":"https:\/\/ladepeche.mr\/index.php?rest_route=\/wp\/v2\/posts\/19593\/revisions"}],"predecessor-version":[{"id":19595,"href":"https:\/\/ladepeche.mr\/index.php?rest_route=\/wp\/v2\/posts\/19593\/revisions\/19595"}],"wp:featuredmedia":[{"embeddable":true,"href":"https:\/\/ladepeche.mr\/index.php?rest_route=\/wp\/v2\/media\/19594"}],"wp:attachment":[{"href":"https:\/\/ladepeche.mr\/index.php?rest_route=%2Fwp%2Fv2%2Fmedia&parent=19593"}],"wp:term":[{"taxonomy":"category","embeddable":true,"href":"https:\/\/ladepeche.mr\/index.php?rest_route=%2Fwp%2Fv2%2Fcategories&post=19593"},{"taxonomy":"post_tag","embeddable":true,"href":"https:\/\/ladepeche.mr\/index.php?rest_route=%2Fwp%2Fv2%2Ftags&post=19593"}],"curies":[{"name":"wp","href":"https:\/\/api.w.org\/{rel}","templated":true}]}}