{"id":19607,"date":"2025-12-08T17:12:57","date_gmt":"2025-12-08T17:12:57","guid":{"rendered":"https:\/\/ladepeche.mr\/?p=19607"},"modified":"2025-12-08T17:12:57","modified_gmt":"2025-12-08T17:12:57","slug":"coup-detat-manque-au-benin-une-douzaine-de-militaires-arretes-apres-une-tentative-de-putsch","status":"publish","type":"post","link":"https:\/\/ladepeche.mr\/?p=19607","title":{"rendered":"Coup d\u2019Etat manqu\u00e9 au B\u00e9nin : une douzaine de militaires arr\u00eat\u00e9s apr\u00e8s une tentative de putsch"},"content":{"rendered":"<p>Un groupe de militaires a tent\u00e9 de renverser le chef de l\u2019\u00c9tat en place, \u00e0 quelques mois de l\u2019\u00e9lection pr\u00e9sidentielle au B\u00e9nin. Dimanche 7 d\u00e9cembre 2025, un groupe d\u2019officiers b\u00e9ninois a pris le contr\u00f4le de la t\u00e9l\u00e9vision publique ORTB pour annoncer la \u00ab destitution \u00bb du pr\u00e9sident Patrice Talon, au pouvoir depuis 2016.<\/p>\n<p>  Se pr\u00e9sentant comme le \u00ab Comit\u00e9 militaire pour la refondation (CMR) \u00bb, ces militaires ont d\u00e9clar\u00e9 avoir \u00ab d\u00e9mis Patrice Talon de ses fonctions \u00bb et nomm\u00e9 le lieutenant-colonel Tigri Pascal \u00e0 la t\u00eate de leur comit\u00e9. Quelques heures apr\u00e8s cette annonce, l\u2019arm\u00e9e, fid\u00e8le au pr\u00e9sident Talon, a repris le contr\u00f4le de la situation. Selon des sources militaires qui se sont adress\u00e9es \u00e0 l\u2019Agence France-Presse (AFP), une douzaine de soldats ont \u00e9t\u00e9 arr\u00eat\u00e9s. Parmi eux figurent certains auteurs de la tentative de putsch, a indiqu\u00e9 une source s\u00e9curitaire sans pr\u00e9ciser si le meneur des mutins, le lieutenant-colonel Pascal Tigri figurait parmi eux. D\u2019autres sources indiquent que le lieutenant-colonel Tigri, aurait pris la fuite. Ancien cadre de l\u2019op\u00e9ration Mirador au nord et ex-membre de la Minusma au Mali, il avait \u00e9t\u00e9 remplac\u00e9 en novembre 2024 \u00e0 la t\u00eate d\u2019un groupement de la garde nationale. Soulignons que, le B\u00e9nin n\u2019avait plus connu de coup d\u2019\u00c9tat depuis 1972.<br \/>\nhttps:\/\/www.msn.com\/fr-xl\/afrique-centre-et-est\/gabon-actualite\/coup-d-etat-manqu%C3%A9-au-b%C3%A9nin-une-douzaine-de-militaires-arr%C3%AAt%C3%A9s-apr%C3%A8s-une-tentative-de-putsch\/ar-AA1RWmwO?ocid=msedgntp&#038;pc=U531&#038;cvid=6937032dfc5141f585ebf428f4155b2a&#038;ei=24<\/p>\n","protected":false},"excerpt":{"rendered":"<p>Un groupe de militaires a tent\u00e9 de renverser le chef de l\u2019\u00c9tat en place, \u00e0 quelques mois de l\u2019\u00e9lection pr\u00e9sidentielle au B\u00e9nin. Dimanche 7 d\u00e9cembre 2025, un groupe d\u2019officiers b\u00e9ninois a pris le contr\u00f4le de la t\u00e9l\u00e9vision publique ORTB pour annoncer la \u00ab destitution \u00bb du pr\u00e9sident Patrice Talon, au pouvoir depuis 2016. Se pr\u00e9sentant &hellip;<\/p>\n","protected":false},"author":2,"featured_media":19608,"comment_status":"open","ping_status":"open","sticky":false,"template":"","format":"standard","meta":{"footnotes":""},"categories":[18,29],"tags":[],"class_list":["post-19607","post","type-post","status-publish","format-standard","has-post-thumbnail","hentry","category-actualites","category-monde"],"_links":{"self":[{"href":"https:\/\/ladepeche.mr\/index.php?rest_route=\/wp\/v2\/posts\/19607","targetHints":{"allow":["GET"]}}],"collection":[{"href":"https:\/\/ladepeche.mr\/index.php?rest_route=\/wp\/v2\/posts"}],"about":[{"href":"https:\/\/ladepeche.mr\/index.php?rest_route=\/wp\/v2\/types\/post"}],"author":[{"embeddable":true,"href":"https:\/\/ladepeche.mr\/index.php?rest_route=\/wp\/v2\/users\/2"}],"replies":[{"embeddable":true,"href":"https:\/\/ladepeche.mr\/index.php?rest_route=%2Fwp%2Fv2%2Fcomments&post=19607"}],"version-history":[{"count":1,"href":"https:\/\/ladepeche.mr\/index.php?rest_route=\/wp\/v2\/posts\/19607\/revisions"}],"predecessor-version":[{"id":19609,"href":"https:\/\/ladepeche.mr\/index.php?rest_route=\/wp\/v2\/posts\/19607\/revisions\/19609"}],"wp:featuredmedia":[{"embeddable":true,"href":"https:\/\/ladepeche.mr\/index.php?rest_route=\/wp\/v2\/media\/19608"}],"wp:attachment":[{"href":"https:\/\/ladepeche.mr\/index.php?rest_route=%2Fwp%2Fv2%2Fmedia&parent=19607"}],"wp:term":[{"taxonomy":"category","embeddable":true,"href":"https:\/\/ladepeche.mr\/index.php?rest_route=%2Fwp%2Fv2%2Fcategories&post=19607"},{"taxonomy":"post_tag","embeddable":true,"href":"https:\/\/ladepeche.mr\/index.php?rest_route=%2Fwp%2Fv2%2Ftags&post=19607"}],"curies":[{"name":"wp","href":"https:\/\/api.w.org\/{rel}","templated":true}]}}