{"id":19618,"date":"2025-12-09T12:27:27","date_gmt":"2025-12-09T12:27:27","guid":{"rendered":"https:\/\/ladepeche.mr\/?p=19618"},"modified":"2025-12-09T12:27:27","modified_gmt":"2025-12-09T12:27:27","slug":"rim-qatar-les-deux-pays-evoquent-le-bilan-et-lavenir-de-leur-cooperation","status":"publish","type":"post","link":"https:\/\/ladepeche.mr\/?p=19618","title":{"rendered":"RIM-Qatar: les deux pays \u00e9voquent le bilan et l\u2019avenir de leur coop\u00e9ration"},"content":{"rendered":"<p>Le ministre mauritanien des Affaires \u00e9conomiques et du D\u00e9veloppement, Dr Abdallah Ould Souleymane Ould Cheikh Sidia, a tenu ce matin \u00e0 Doha une r\u00e9union avec Dr Mohamed bin Abdoulaziz Khoulaifi, ministre d\u2019\u00c9tat aux Affaires \u00e9trang\u00e8res du Qatar, en pr\u00e9sence de l\u2019ambassadeur de Mauritanie, Mohamed Ould Babana.<\/p>\n<p>Au c\u0153ur des discussions : le bilan et l\u2019avenir de la coop\u00e9ration mauritano-qatarie, notamment sur le plan \u00e9conomique. Les deux responsables ont soulign\u00e9 la solidit\u00e9 des liens historiques entre Nouakchott et Doha et ont pass\u00e9 en revue les actions conjointes men\u00e9es ces derni\u00e8res ann\u00e9es, saluant les progr\u00e8s enregistr\u00e9s dans les domaines de l\u2019investissement, du d\u00e9veloppement et de l\u2019appui aux programmes \u00e9conomiques.<\/p>\n<p>Les parties ont \u00e9galement convenu de renforcer les partenariats existants et d\u2019en ouvrir de nouveaux, avec l\u2019objectif d\u2019amplifier les projets de d\u00e9veloppement en Mauritanie et d\u2019accro\u00eetre la contribution qatarie dans les secteurs prioritaires.<\/p>\n<p>Cette rencontre s\u2019inscrit dans la volont\u00e9 partag\u00e9e des deux pays d\u2019\u00e9largir les horizons de leur coop\u00e9ration \u00e9conomique et de r\u00e9affirmer l\u2019importance strat\u00e9gique de leurs relations dans la promotion de l\u2019int\u00e9gration arabe et r\u00e9gionale.<br \/>\n(avec Ami)<\/p>\n","protected":false},"excerpt":{"rendered":"<p>Le ministre mauritanien des Affaires \u00e9conomiques et du D\u00e9veloppement, Dr Abdallah Ould Souleymane Ould Cheikh Sidia, a tenu ce matin \u00e0 Doha une r\u00e9union avec Dr Mohamed bin Abdoulaziz Khoulaifi, ministre d\u2019\u00c9tat aux Affaires \u00e9trang\u00e8res du Qatar, en pr\u00e9sence de l\u2019ambassadeur de Mauritanie, Mohamed Ould Babana. Au c\u0153ur des discussions : le bilan et l\u2019avenir &hellip;<\/p>\n","protected":false},"author":2,"featured_media":19619,"comment_status":"open","ping_status":"open","sticky":false,"template":"","format":"standard","meta":{"footnotes":""},"categories":[18,2,29],"tags":[],"class_list":["post-19618","post","type-post","status-publish","format-standard","has-post-thumbnail","hentry","category-actualites","category-economie","category-monde"],"_links":{"self":[{"href":"https:\/\/ladepeche.mr\/index.php?rest_route=\/wp\/v2\/posts\/19618","targetHints":{"allow":["GET"]}}],"collection":[{"href":"https:\/\/ladepeche.mr\/index.php?rest_route=\/wp\/v2\/posts"}],"about":[{"href":"https:\/\/ladepeche.mr\/index.php?rest_route=\/wp\/v2\/types\/post"}],"author":[{"embeddable":true,"href":"https:\/\/ladepeche.mr\/index.php?rest_route=\/wp\/v2\/users\/2"}],"replies":[{"embeddable":true,"href":"https:\/\/ladepeche.mr\/index.php?rest_route=%2Fwp%2Fv2%2Fcomments&post=19618"}],"version-history":[{"count":1,"href":"https:\/\/ladepeche.mr\/index.php?rest_route=\/wp\/v2\/posts\/19618\/revisions"}],"predecessor-version":[{"id":19620,"href":"https:\/\/ladepeche.mr\/index.php?rest_route=\/wp\/v2\/posts\/19618\/revisions\/19620"}],"wp:featuredmedia":[{"embeddable":true,"href":"https:\/\/ladepeche.mr\/index.php?rest_route=\/wp\/v2\/media\/19619"}],"wp:attachment":[{"href":"https:\/\/ladepeche.mr\/index.php?rest_route=%2Fwp%2Fv2%2Fmedia&parent=19618"}],"wp:term":[{"taxonomy":"category","embeddable":true,"href":"https:\/\/ladepeche.mr\/index.php?rest_route=%2Fwp%2Fv2%2Fcategories&post=19618"},{"taxonomy":"post_tag","embeddable":true,"href":"https:\/\/ladepeche.mr\/index.php?rest_route=%2Fwp%2Fv2%2Ftags&post=19618"}],"curies":[{"name":"wp","href":"https:\/\/api.w.org\/{rel}","templated":true}]}}