{"id":1962,"date":"2022-09-18T13:57:42","date_gmt":"2022-09-18T13:57:42","guid":{"rendered":"https:\/\/ladepeche.mr\/?p=1962"},"modified":"2022-09-18T13:59:52","modified_gmt":"2022-09-18T13:59:52","slug":"aux-pannes-seches-en-eau-aux-delestages-silence-radio-sur-le-reseau-mattel","status":"publish","type":"post","link":"https:\/\/ladepeche.mr\/?p=1962","title":{"rendered":"Aux pannes s\u00e8ches en eau, aux d\u00e9lestages, silence radio sur le r\u00e9seau \u00abMattel \u00bb"},"content":{"rendered":"<p>Les habitants de Nouadhibou ne savent pas o\u00f9 donner de la t\u00eate avec la succession de pannes v\u00e9cues dans notre capitale \u00e9conomique. Aux pannes s\u00e8ches d\u2019eau et aux d\u00e9lestages quasi-quotidiens de l\u2019\u00e9lectricit\u00e9 est venue se greffer la panne du r\u00e9seau \u00abMattel \u00bb. Certaines endroits de la petite ville qu\u2019offre notre capitale \u00e9conomique sont totalement desservis par ce r\u00e9seau contrairement \u00e0 ses concurrents \u00abMoov Mauritel \u00bb ou encore \u00abChinguitel \u00bb.<br \/>\nDamn\u00e9s du pays, les populations de la ville \u00e9conomique font toujours contre mauvaise fortune bon c\u0153ur et esp\u00e8rent qu\u2019enfin les autorit\u00e9s politiques se rappelleront de l\u2019urgence de d\u00e9panner la ville.<\/p>\n","protected":false},"excerpt":{"rendered":"<p>Les habitants de Nouadhibou ne savent pas o\u00f9 donner de la t\u00eate avec la succession de pannes v\u00e9cues dans notre capitale \u00e9conomique. Aux pannes s\u00e8ches d\u2019eau et aux d\u00e9lestages quasi-quotidiens de l\u2019\u00e9lectricit\u00e9 est venue se greffer la panne du r\u00e9seau \u00abMattel \u00bb. Certaines endroits de la petite ville qu\u2019offre notre capitale \u00e9conomique sont totalement desservis &hellip;<\/p>\n","protected":false},"author":2,"featured_media":1963,"comment_status":"open","ping_status":"open","sticky":false,"template":"","format":"standard","meta":{"footnotes":""},"categories":[26,1],"tags":[],"class_list":["post-1962","post","type-post","status-publish","format-standard","has-post-thumbnail","hentry","category-en-panne","category-uncategorized"],"_links":{"self":[{"href":"https:\/\/ladepeche.mr\/index.php?rest_route=\/wp\/v2\/posts\/1962","targetHints":{"allow":["GET"]}}],"collection":[{"href":"https:\/\/ladepeche.mr\/index.php?rest_route=\/wp\/v2\/posts"}],"about":[{"href":"https:\/\/ladepeche.mr\/index.php?rest_route=\/wp\/v2\/types\/post"}],"author":[{"embeddable":true,"href":"https:\/\/ladepeche.mr\/index.php?rest_route=\/wp\/v2\/users\/2"}],"replies":[{"embeddable":true,"href":"https:\/\/ladepeche.mr\/index.php?rest_route=%2Fwp%2Fv2%2Fcomments&post=1962"}],"version-history":[{"count":2,"href":"https:\/\/ladepeche.mr\/index.php?rest_route=\/wp\/v2\/posts\/1962\/revisions"}],"predecessor-version":[{"id":1965,"href":"https:\/\/ladepeche.mr\/index.php?rest_route=\/wp\/v2\/posts\/1962\/revisions\/1965"}],"wp:featuredmedia":[{"embeddable":true,"href":"https:\/\/ladepeche.mr\/index.php?rest_route=\/wp\/v2\/media\/1963"}],"wp:attachment":[{"href":"https:\/\/ladepeche.mr\/index.php?rest_route=%2Fwp%2Fv2%2Fmedia&parent=1962"}],"wp:term":[{"taxonomy":"category","embeddable":true,"href":"https:\/\/ladepeche.mr\/index.php?rest_route=%2Fwp%2Fv2%2Fcategories&post=1962"},{"taxonomy":"post_tag","embeddable":true,"href":"https:\/\/ladepeche.mr\/index.php?rest_route=%2Fwp%2Fv2%2Ftags&post=1962"}],"curies":[{"name":"wp","href":"https:\/\/api.w.org\/{rel}","templated":true}]}}