{"id":19629,"date":"2025-12-09T18:38:25","date_gmt":"2025-12-09T18:38:25","guid":{"rendered":"https:\/\/ladepeche.mr\/?p=19629"},"modified":"2025-12-09T18:39:44","modified_gmt":"2025-12-09T18:39:44","slug":"rapport-de-la-cour-des-comptes-le-parquet-retient-laccusation-contre-six-personnes","status":"publish","type":"post","link":"https:\/\/ladepeche.mr\/?p=19629","title":{"rendered":"Rapport de la cour des comptes: le parquet retient l\u2019accusation contre six personnes"},"content":{"rendered":"<p>Le parquet de Nouakchott-Ouest a finalement d\u00e9f\u00e9r\u00e9 six responsables de gestion des deniers publics sur une trentaine suspect\u00e9es \u00e0 la suite de la diffusion, en octobre 2025, du rapport de la cour des comptes relevant des irr\u00e9gularit\u00e9s dans la gestion des deniers publics dans plusieurs administrations.<br \/>\nLes six personnes dont les noms suivent ont \u00e9t\u00e9 d\u00e9f\u00e9r\u00e9es devant le juge d\u2019instruction, avec un mandat de d\u00e9tention.<\/p>\n<p>Le parquet  a, par contre, d\u00e9cid\u00e9 de \u00ab\u00a0classer sans suite\u00a0\u00bb les dossiers de 24 autres personnes mises en cause dans le rapport de la Cour des comptes, faute de preuves suffisantes. Les int\u00e9ress\u00e9s ont \u00e9t\u00e9 remis en libert\u00e9.<\/p>\n<p>Personnes mises en examen et d\u00e9f\u00e9r\u00e9es devant juge d\u2019instruction :<br \/>\n1. Halima Ba, ex-secr\u00e9taire g\u00e9n\u00e9rale du minist\u00e8re de la Sant\u00e9 pendant plusieurs ann\u00e9es ; seule responsable incrimin\u00e9e du secteur dans le rapport 2022-2023 de la Cour des comptes<br \/>\n2. Taleb Ould Sidi Ahmed, ancien ministre de l\u2019Emploi et de la Formation professionnelle, et ex-directeur du Port de la Baie du Repos \u00e0 Nouadhibou<br \/>\n3. Abdi Horma, coordinateur du Projet de d\u00e9veloppement \u00e9conomique local et initiatives communales<br \/>\n4. Khatri El Atig, ex-directeur g\u00e9n\u00e9ral de la Soci\u00e9t\u00e9 nationale d\u2019Am\u00e9nagement agricole et des Travaux (SONAT)<br \/>\n5. Debba Ould Ezzine, ex-directeur du Fonds national d\u2019Assurance maladie (CNAM)<br \/>\n6. Sidi Ahmed Ould Ibrahim, ex-directeur g\u00e9n\u00e9ral des Infrastructures du transport routier au minist\u00e8re de l\u2019\u00c9quipement et des Transports<\/p>\n<p>Liste des personnes b\u00e9n\u00e9ficiant d\u2019un classement sans suite :<br \/>\n1. Ahmed Salem Ould Bouhedde, ancien secr\u00e9taire g\u00e9n\u00e9ral du minist\u00e8re des Mines<br \/>\n2. Mohamed El Amine Mohamed El Mostafa, ex-directeur g\u00e9n\u00e9ral des Mines<br \/>\n3. Mohamed Yahya Ahmed Zarroug, ex-directeur g\u00e9n\u00e9ral des Mines<br \/>\n4. El Mostafa Ould El Bechir, ex-directeur g\u00e9n\u00e9ral des Hydrocarbures<br \/>\n5. Abdi Salem Ould Cheikh Saad Bouh, ex-secr\u00e9taire g\u00e9n\u00e9ral du minist\u00e8re de l\u2019Emploi<br \/>\n6. Cheiba Habib Sidi Mouloud, ex-secr\u00e9taire g\u00e9n\u00e9ral du minist\u00e8re de l\u2019Emploi<br \/>\n7. Amara Cheikhou Soumar\u00e9, ex-directeur g\u00e9n\u00e9ral du Tr\u00e9sor du minist\u00e8re de l\u2019Emploi<br \/>\n8. Ahmed Abdel Rahim Meska, payeur du Tr\u00e9sor du minist\u00e8re de l\u2019Emploi<br \/>\n9. Mohamed Youssef D Ghana, ex-secr\u00e9taire g\u00e9n\u00e9ral du minist\u00e8re de l\u2019\u00c9quipement et des Transports<br \/>\n10. Diallo Daouda Samba, ex-secr\u00e9taire g\u00e9n\u00e9ral du m\u00eame minist\u00e8re<br \/>\n11. Sadefi Sidi Mohamed Samba, ex-secr\u00e9taire g\u00e9n\u00e9ral du m\u00eame minist\u00e8re<br \/>\n12. Mokhtar Ould Ahmed El Yedaly, ex-secr\u00e9taire g\u00e9n\u00e9ral du m\u00eame minist\u00e8re<br \/>\n13. Abdelkader Ould Sleyimane, ex-secr\u00e9taire g\u00e9n\u00e9ral du m\u00eame minist\u00e8re<br \/>\n14. Hamoudi Mohamed Sidi, ex-directeur g\u00e9n\u00e9ral des Infrastructures du transport routier<br \/>\n15. Ould M\u2019a\u00efv, ex-directeur g\u00e9n\u00e9ral des Infrastructures du transport routier<br \/>\n16. Mohamed Cheikh Zarroug, ex-directeur g\u00e9n\u00e9ral des Infrastructures du transport routier<br \/>\n17. Mohamed El Hafedh Babah, directeur administratif et financier du Projet de d\u00e9veloppement \u00e9conomique local et initiatives communales<br \/>\n18. Cheikh Ould Bedde, ex-directeur g\u00e9n\u00e9ral de la SOMELEC (Taazour).<br \/>\n19. Mohamed Khalifa Ould Ebiah, ex-directeur g\u00e9n\u00e9ral de Mauritania Airlines<br \/>\n20. Mohamed Saleck Ahmed, ex-directeur g\u00e9n\u00e9ral de la Soci\u00e9t\u00e9 des abattoirs de Nouakchott<br \/>\n21. Tourad Ould Abdel Baghi, ex-directeur g\u00e9n\u00e9ral de la Soci\u00e9t\u00e9 nationale des Hydrocarbures<br \/>\n22. Cheikh Mohamed El Hafedh Ould Taleb, directeur financier de la Soci\u00e9t\u00e9 nationale des Hydrocarbures<br \/>\n23. Mouhidine Sidi Baba, ex-directeur g\u00e9n\u00e9ral de la Direction des projets de l\u2019\u00c9ducation et de la Formation<br \/>\n24. Mohamed Fall, ex-directeur g\u00e9n\u00e9ral de la m\u00eame direction<\/p>\n","protected":false},"excerpt":{"rendered":"<p>Le parquet de Nouakchott-Ouest a finalement d\u00e9f\u00e9r\u00e9 six responsables de gestion des deniers publics sur une trentaine suspect\u00e9es \u00e0 la suite de la diffusion, en octobre 2025, du rapport de la cour des comptes relevant des irr\u00e9gularit\u00e9s dans la gestion des deniers publics dans plusieurs administrations. Les six personnes dont les noms suivent ont \u00e9t\u00e9 &hellip;<\/p>\n","protected":false},"author":2,"featured_media":1435,"comment_status":"open","ping_status":"open","sticky":false,"template":"","format":"standard","meta":{"footnotes":""},"categories":[18,2],"tags":[],"class_list":["post-19629","post","type-post","status-publish","format-standard","has-post-thumbnail","hentry","category-actualites","category-economie"],"_links":{"self":[{"href":"https:\/\/ladepeche.mr\/index.php?rest_route=\/wp\/v2\/posts\/19629","targetHints":{"allow":["GET"]}}],"collection":[{"href":"https:\/\/ladepeche.mr\/index.php?rest_route=\/wp\/v2\/posts"}],"about":[{"href":"https:\/\/ladepeche.mr\/index.php?rest_route=\/wp\/v2\/types\/post"}],"author":[{"embeddable":true,"href":"https:\/\/ladepeche.mr\/index.php?rest_route=\/wp\/v2\/users\/2"}],"replies":[{"embeddable":true,"href":"https:\/\/ladepeche.mr\/index.php?rest_route=%2Fwp%2Fv2%2Fcomments&post=19629"}],"version-history":[{"count":2,"href":"https:\/\/ladepeche.mr\/index.php?rest_route=\/wp\/v2\/posts\/19629\/revisions"}],"predecessor-version":[{"id":19631,"href":"https:\/\/ladepeche.mr\/index.php?rest_route=\/wp\/v2\/posts\/19629\/revisions\/19631"}],"wp:featuredmedia":[{"embeddable":true,"href":"https:\/\/ladepeche.mr\/index.php?rest_route=\/wp\/v2\/media\/1435"}],"wp:attachment":[{"href":"https:\/\/ladepeche.mr\/index.php?rest_route=%2Fwp%2Fv2%2Fmedia&parent=19629"}],"wp:term":[{"taxonomy":"category","embeddable":true,"href":"https:\/\/ladepeche.mr\/index.php?rest_route=%2Fwp%2Fv2%2Fcategories&post=19629"},{"taxonomy":"post_tag","embeddable":true,"href":"https:\/\/ladepeche.mr\/index.php?rest_route=%2Fwp%2Fv2%2Ftags&post=19629"}],"curies":[{"name":"wp","href":"https:\/\/api.w.org\/{rel}","templated":true}]}}