{"id":19635,"date":"2025-12-10T21:27:54","date_gmt":"2025-12-10T21:27:54","guid":{"rendered":"https:\/\/ladepeche.mr\/?p=19635"},"modified":"2025-12-10T21:27:54","modified_gmt":"2025-12-10T21:27:54","slug":"grande-commission-mixte-mauritano-ivoirienne-signature-de-12-accords-de-cooperation","status":"publish","type":"post","link":"https:\/\/ladepeche.mr\/?p=19635","title":{"rendered":"Grande Commission Mixte mauritano-ivoirienne: signature de 12 accords de coop\u00e9ration"},"content":{"rendered":"<p>La Mauritanie et la C\u00f4te d\u2019Ivoire ont sign\u00e9, \u00e0 l\u2019issue de la premi\u00e8re session de la Grande Commission Mixte, tenue les 8 et 9 d\u00e9cembre 2025 \u00e0 Abidjan, douze accords de coop\u00e9ration.<br \/>\nCes accords couvrent notamment la d\u00e9fense, la justice, la sant\u00e9, le commerce, les hydrocarbures, l\u2019environnement, le transport des marchandises, l\u2019\u00e9levage, la culture, ainsi que l\u2019enseignement sup\u00e9rieur et la recherche scientifique, afin de moderniser et d\u2019\u00e9largir le cadre juridique r\u00e9gissant les relations bilat\u00e9rales.<\/p>\n<p>Les deux pays se sont \u00e9galement engag\u00e9s \u00e0 renforcer leur coop\u00e9ration s\u00e9curitaire, dans un contexte r\u00e9gional marqu\u00e9 par la mont\u00e9e du terrorisme. Les ministres des Affaires \u00e9trang\u00e8res, L\u00e9on Kacou Adom pour la C\u00f4te d\u2019Ivoire et Mohamed Salem Ould Merzouk pour la Mauritanie, ont soulign\u00e9 la n\u00e9cessit\u00e9 d\u2019intensifier les efforts communs pour pr\u00e9server la stabilit\u00e9 sous-r\u00e9gionale.<\/p>\n<p>Un comit\u00e9 de suivi sera mis en place pour veiller \u00e0 la mise en \u0153uvre effective des d\u00e9cisions prises lors de cette session. La prochaine r\u00e9union de la Grande Commission Mixte se tiendra en Mauritanie, \u00e0 une date qui reste \u00e0 d\u00e9terminer.<\/p>\n<p>La session, qualifi\u00e9e de \u00ab fraternelle et constructive \u00bb, a r\u00e9uni pendant deux jours des d\u00e9l\u00e9gations des deux pays afin d\u2019examiner plusieurs dossiers de coop\u00e9ration. Les deux parties ont exprim\u00e9 leur satisfaction pour la r\u00e9ussite des travaux et ont salu\u00e9 l\u2019engagement des pr\u00e9sidents Alassane Ouattara et Mohamed Cheikh Ghazouani en faveur d\u2019un partenariat renforc\u00e9 entre les deux pays.<br \/>\n(avec m\u00e9dias)<\/p>\n","protected":false},"excerpt":{"rendered":"<p>La Mauritanie et la C\u00f4te d\u2019Ivoire ont sign\u00e9, \u00e0 l\u2019issue de la premi\u00e8re session de la Grande Commission Mixte, tenue les 8 et 9 d\u00e9cembre 2025 \u00e0 Abidjan, douze accords de coop\u00e9ration. Ces accords couvrent notamment la d\u00e9fense, la justice, la sant\u00e9, le commerce, les hydrocarbures, l\u2019environnement, le transport des marchandises, l\u2019\u00e9levage, la culture, ainsi &hellip;<\/p>\n","protected":false},"author":2,"featured_media":19636,"comment_status":"open","ping_status":"open","sticky":false,"template":"","format":"standard","meta":{"footnotes":""},"categories":[18,2,29],"tags":[],"class_list":["post-19635","post","type-post","status-publish","format-standard","has-post-thumbnail","hentry","category-actualites","category-economie","category-monde"],"_links":{"self":[{"href":"https:\/\/ladepeche.mr\/index.php?rest_route=\/wp\/v2\/posts\/19635","targetHints":{"allow":["GET"]}}],"collection":[{"href":"https:\/\/ladepeche.mr\/index.php?rest_route=\/wp\/v2\/posts"}],"about":[{"href":"https:\/\/ladepeche.mr\/index.php?rest_route=\/wp\/v2\/types\/post"}],"author":[{"embeddable":true,"href":"https:\/\/ladepeche.mr\/index.php?rest_route=\/wp\/v2\/users\/2"}],"replies":[{"embeddable":true,"href":"https:\/\/ladepeche.mr\/index.php?rest_route=%2Fwp%2Fv2%2Fcomments&post=19635"}],"version-history":[{"count":1,"href":"https:\/\/ladepeche.mr\/index.php?rest_route=\/wp\/v2\/posts\/19635\/revisions"}],"predecessor-version":[{"id":19637,"href":"https:\/\/ladepeche.mr\/index.php?rest_route=\/wp\/v2\/posts\/19635\/revisions\/19637"}],"wp:featuredmedia":[{"embeddable":true,"href":"https:\/\/ladepeche.mr\/index.php?rest_route=\/wp\/v2\/media\/19636"}],"wp:attachment":[{"href":"https:\/\/ladepeche.mr\/index.php?rest_route=%2Fwp%2Fv2%2Fmedia&parent=19635"}],"wp:term":[{"taxonomy":"category","embeddable":true,"href":"https:\/\/ladepeche.mr\/index.php?rest_route=%2Fwp%2Fv2%2Fcategories&post=19635"},{"taxonomy":"post_tag","embeddable":true,"href":"https:\/\/ladepeche.mr\/index.php?rest_route=%2Fwp%2Fv2%2Ftags&post=19635"}],"curies":[{"name":"wp","href":"https:\/\/api.w.org\/{rel}","templated":true}]}}