{"id":19638,"date":"2025-12-11T16:48:35","date_gmt":"2025-12-11T16:48:35","guid":{"rendered":"https:\/\/ladepeche.mr\/?p=19638"},"modified":"2025-12-11T16:48:35","modified_gmt":"2025-12-11T16:48:35","slug":"le-caftan-marocain-fierte-culturelle-du-maroc-inscrit-au-patrimoine-immateriel-de-lunesco","status":"publish","type":"post","link":"https:\/\/ladepeche.mr\/?p=19638","title":{"rendered":"Le Caftan marocain fiert\u00e9 culturelle du Maroc inscrit au Patrimoine immat\u00e9riel de l&#8217;UNESCO"},"content":{"rendered":"<p>New Delhi &#8211; Le Caftan marocain a \u00e9t\u00e9 inscrit, mercredi \u00e0 New Delhi, sur la liste du Patrimoine culturel immat\u00e9riel de l&#8217;Humanit\u00e9, lors de la vingti\u00e8me session du Comit\u00e9 intergouvernemental de sauvegarde du patrimoine culturel immat\u00e9riel de l\u2019UNESCO.<\/p>\n<p>Cette inscription est une reconnaissance internationale du g\u00e9nie artistique et du savoir-faire s\u00e9culaire du Maroc, mais \u00e9galement de la capacit\u00e9 du Royaume \u00e0 pr\u00e9server, valoriser et transmettre ses traditions. Elle vient couronner les efforts constants d\u00e9ploy\u00e9s par le Maroc, sous la conduite \u00e9clair\u00e9e de Sa Majest\u00e9 le Roi Mohammed VI, dans le domaine de la pr\u00e9servation et de la conservation du patrimoine culturel marocain. <\/p>\n<p>Parmi le large \u00e9ventail de la mosa\u00efque culturelle marocaine, le caftan est une cl\u00e9 de vo\u00fbte. Sa valeur historique, enracin\u00e9e dans des si\u00e8cles de pratiques, se combine \u00e0 son importance sociale. Symbole d\u2019identit\u00e9, de coh\u00e9sion sociale, de diversit\u00e9 culturelle et r\u00e9gionale, le caftan est un v\u00e9ritable &#8220;fait social total&#8221;, associant l&#8217;ensemble de la communaut\u00e9 dans sa conception, sa r\u00e9alisation et son usage au quotidien.<\/p>\n<p>L\u2019inscription du caftan marocain au patrimoine culturel immat\u00e9riel de l\u2019UNESCO illustre \u00e0 la fois le rayonnement culturel du Maroc et l\u2019importance de la pr\u00e9servation des traditions dans un monde globalis\u00e9.<br \/>\n(avec m\u00e9dias)<\/p>\n","protected":false},"excerpt":{"rendered":"<p>New Delhi &#8211; Le Caftan marocain a \u00e9t\u00e9 inscrit, mercredi \u00e0 New Delhi, sur la liste du Patrimoine culturel immat\u00e9riel de l&#8217;Humanit\u00e9, lors de la vingti\u00e8me session du Comit\u00e9 intergouvernemental de sauvegarde du patrimoine culturel immat\u00e9riel de l\u2019UNESCO. Cette inscription est une reconnaissance internationale du g\u00e9nie artistique et du savoir-faire s\u00e9culaire du Maroc, mais \u00e9galement &hellip;<\/p>\n","protected":false},"author":2,"featured_media":19639,"comment_status":"open","ping_status":"open","sticky":false,"template":"","format":"standard","meta":{"footnotes":""},"categories":[18,29],"tags":[],"class_list":["post-19638","post","type-post","status-publish","format-standard","has-post-thumbnail","hentry","category-actualites","category-monde"],"_links":{"self":[{"href":"https:\/\/ladepeche.mr\/index.php?rest_route=\/wp\/v2\/posts\/19638","targetHints":{"allow":["GET"]}}],"collection":[{"href":"https:\/\/ladepeche.mr\/index.php?rest_route=\/wp\/v2\/posts"}],"about":[{"href":"https:\/\/ladepeche.mr\/index.php?rest_route=\/wp\/v2\/types\/post"}],"author":[{"embeddable":true,"href":"https:\/\/ladepeche.mr\/index.php?rest_route=\/wp\/v2\/users\/2"}],"replies":[{"embeddable":true,"href":"https:\/\/ladepeche.mr\/index.php?rest_route=%2Fwp%2Fv2%2Fcomments&post=19638"}],"version-history":[{"count":1,"href":"https:\/\/ladepeche.mr\/index.php?rest_route=\/wp\/v2\/posts\/19638\/revisions"}],"predecessor-version":[{"id":19640,"href":"https:\/\/ladepeche.mr\/index.php?rest_route=\/wp\/v2\/posts\/19638\/revisions\/19640"}],"wp:featuredmedia":[{"embeddable":true,"href":"https:\/\/ladepeche.mr\/index.php?rest_route=\/wp\/v2\/media\/19639"}],"wp:attachment":[{"href":"https:\/\/ladepeche.mr\/index.php?rest_route=%2Fwp%2Fv2%2Fmedia&parent=19638"}],"wp:term":[{"taxonomy":"category","embeddable":true,"href":"https:\/\/ladepeche.mr\/index.php?rest_route=%2Fwp%2Fv2%2Fcategories&post=19638"},{"taxonomy":"post_tag","embeddable":true,"href":"https:\/\/ladepeche.mr\/index.php?rest_route=%2Fwp%2Fv2%2Ftags&post=19638"}],"curies":[{"name":"wp","href":"https:\/\/api.w.org\/{rel}","templated":true}]}}