{"id":19641,"date":"2025-12-11T16:58:15","date_gmt":"2025-12-11T16:58:15","guid":{"rendered":"https:\/\/ladepeche.mr\/?p=19641"},"modified":"2025-12-11T16:58:53","modified_gmt":"2025-12-11T16:58:53","slug":"le-ministre-des-affaires-economiques-supervise-le-lancement-du-nouveau-cadre-de-partenariat-avec-la-banque-mondiale-pour-soutenir-la-croissance-et-lemploi","status":"publish","type":"post","link":"https:\/\/ladepeche.mr\/?p=19641","title":{"rendered":"Le ministre des Affaires \u00e9conomiques supervise le lancement du nouveau cadre de partenariat avec la Banque mondiale pour soutenir la croissance et l\u2019emploi"},"content":{"rendered":"<p>Son Excellence le ministre des Affaires \u00e9conomiques et du D\u00e9veloppement, Dr. Abdallah O. Souleymane O. Cheikh SIDIA, a proc\u00e9d\u00e9 ce jeudi, \u00e0 Nouakchott, au lancement du nouveau Cadre de partenariat pays (CPP) avec la Banque mondiale pour la p\u00e9riode 2026-2030, plac\u00e9 sous le th\u00e8me : \u00ab Diversification \u00e9conomique pour la croissance et l\u2019emploi \u00bb.<\/p>\n<p>Ce cadre vise \u00e0 acc\u00e9l\u00e9rer la diversification de l\u2019\u00e9conomie, renforcer la croissance et \u00e9largir les opportunit\u00e9s d\u2019emploi dans le pays. Il s\u2019inscrit en coh\u00e9rence avec la Strat\u00e9gie  nationale de croissance acc\u00e9l\u00e9r\u00e9e et de prosp\u00e9rit\u00e9 partag\u00e9e 2016-2030 \u00bb, et repose sur quatre axes prioritaires : la cr\u00e9ation d\u2019emplois de qualit\u00e9, le renforcement des institutions, la connectivit\u00e9 territoriale et la consolidation de la r\u00e9silience.<\/p>\n<p>Dans son allocution, le ministre a salu\u00e9 l&#8217;adoption de ce nouveau cadre de coop\u00e9ration, affirmant que cette feuille de route commune constitue une \u00e9tape majeure dans l\u2019\u00e9volution du partenariat avec la Banque mondiale.<\/p>\n<p>Il a ajout\u00e9 que le cadre ne se limite pas \u00e0 soutenir la transformation structurelle de l\u2019\u00e9conomie, mais place au c\u0153ur de ses priorit\u00e9s l\u2019autonomisation des jeunes et des femmes, l\u2019am\u00e9lioration des services essentiels et l\u2019optimisation de la d\u00e9pense publique, autant d\u2019\u00e9l\u00e9ments indispensables pour b\u00e2tir une soci\u00e9t\u00e9 plus \u00e9quitable et plus stable.<\/p>\n<p>Le ministre a \u00e9galement exprim\u00e9 sa reconnaissance pour l\u2019appui constant apport\u00e9 par la Banque mondiale aux programmes et projets de d\u00e9veloppement en Mauritanie, r\u00e9affirmant la volont\u00e9 de poursuivre une collaboration \u00e9troite afin d\u2019atteindre les objectifs ambitieux fix\u00e9s conjointement.<\/p>\n<p>Il a indiqu\u00e9 que la prochaine \u00e9tape n\u00e9cessitera un effort accru pour renforcer le r\u00f4le du secteur priv\u00e9 comme moteur de cr\u00e9ation de richesse et d\u2019emplois, capitaliser sur les acquis et aborder de mani\u00e8re globale et durable les d\u00e9fis socio-\u00e9conomiques, en vue d\u2019assurer un avenir meilleur aux g\u00e9n\u00e9rations futures.<\/p>\n<p>Le ministre a rappel\u00e9 que la Mauritanie aborde une phase d\u00e9cisive de son d\u00e9veloppement, port\u00e9e par la vision \u00e9clair\u00e9e de Son Excellence le Pr\u00e9sident de la R\u00e9publique, Monsieur Mohamed Ould Cheikh El Ghazouani, telle qu&#8217;elle se d\u00e9cline dans le programme du gouvernement conduit par le Premier ministre M. Mokhtar Ould Djay, ax\u00e9 sur la diversification de l\u2019\u00e9conomie et la valorisation des ressources nationales.<\/p>\n<p>Pour sa part, Mme Anna Bjerde, directrice g\u00e9n\u00e9rale des op\u00e9rations du Groupe de la Banque mondiale, a indiqu\u00e9 que le pr\u00e9sent cadre refl\u00e8te l\u2019ambition commune visant \u00e0 accompagner la transition de la Mauritanie vers une \u00e9conomie plus diversifi\u00e9e et tourn\u00e9e vers la cr\u00e9ation d\u2019emplois.<\/p>\n<p>Elle a exprim\u00e9 sa profonde gratitude au gouvernement mauritanien pour la qualit\u00e9 du partenariat qui a permis l\u2019\u00e9laboration de ce cadre, con\u00e7u en \u00e9troite concertation avec le pays et pleinement align\u00e9 sur sa Strat\u00e9gie de Croissance Acc\u00e9l\u00e9r\u00e9e et de Prosp\u00e9rit\u00e9 Partag\u00e9e (2016-2030), avec des priorit\u00e9s claires et une approche s\u00e9lective.<\/p>\n<p>De son c\u00f4t\u00e9, M. Ousmane Diagana, vice-pr\u00e9sident du Groupe de la Banque mondiale pour l\u2019Afrique de l\u2019Ouest et du Centre, a soulign\u00e9 que le nouveau Cadre de partenariat pays adopte une vision ambitieuse pour accompagner la transformation structurelle de l\u2019\u00e9conomie mauritanienne, en mettant au premier plan la cr\u00e9ation d\u2019emplois d\u00e9cents pour les jeunes et les femmes.<\/p>\n<p>Il a pr\u00e9cis\u00e9 que ce cadre s\u2019appuie sur le renforcement des institutions et de la gouvernance, la cr\u00e9ation d\u2019un environnement propice \u00e0 l\u2019investissement priv\u00e9 et le d\u00e9veloppement des comp\u00e9tences.<br \/>\n M. Diagana a enfin affirm\u00e9 que la r\u00e9ussite de ce plan repose sur un renforcement de la coop\u00e9ration entre le gouvernement, le secteur priv\u00e9 et l\u2019ensemble des partenaires au d\u00e9veloppement, afin de promouvoir une croissance plus prosp\u00e8re et inclusive en Mauritanie.<\/p>\n<p>La c\u00e9r\u00e9monie s\u2019est d\u00e9roul\u00e9e en pr\u00e9sence du ministre de l&#8217;Autonomisation des Jeunes, de l\u2019Emploi, des Sports et du Service civique, M. Mohamed Abdellahi Ould Louly, du ministre de l&#8217;\u00c9levage, M. Sid\u2019Ahmed Ould Mohamed, du secr\u00e9taire g\u00e9n\u00e9ral du minist\u00e8re des Affaires \u00e9conomiques, de plusieurs cadres des D\u00e9partements concern\u00e9s, ainsi que de responsables du Groupe de la Banque mondiale.<br \/>\nSource MAED<\/p>\n","protected":false},"excerpt":{"rendered":"<p>Son Excellence le ministre des Affaires \u00e9conomiques et du D\u00e9veloppement, Dr. Abdallah O. Souleymane O. Cheikh SIDIA, a proc\u00e9d\u00e9 ce jeudi, \u00e0 Nouakchott, au lancement du nouveau Cadre de partenariat pays (CPP) avec la Banque mondiale pour la p\u00e9riode 2026-2030, plac\u00e9 sous le th\u00e8me : \u00ab Diversification \u00e9conomique pour la croissance et l\u2019emploi \u00bb. Ce &hellip;<\/p>\n","protected":false},"author":2,"featured_media":19642,"comment_status":"open","ping_status":"open","sticky":false,"template":"","format":"standard","meta":{"footnotes":""},"categories":[18,2],"tags":[],"class_list":["post-19641","post","type-post","status-publish","format-standard","has-post-thumbnail","hentry","category-actualites","category-economie"],"_links":{"self":[{"href":"https:\/\/ladepeche.mr\/index.php?rest_route=\/wp\/v2\/posts\/19641","targetHints":{"allow":["GET"]}}],"collection":[{"href":"https:\/\/ladepeche.mr\/index.php?rest_route=\/wp\/v2\/posts"}],"about":[{"href":"https:\/\/ladepeche.mr\/index.php?rest_route=\/wp\/v2\/types\/post"}],"author":[{"embeddable":true,"href":"https:\/\/ladepeche.mr\/index.php?rest_route=\/wp\/v2\/users\/2"}],"replies":[{"embeddable":true,"href":"https:\/\/ladepeche.mr\/index.php?rest_route=%2Fwp%2Fv2%2Fcomments&post=19641"}],"version-history":[{"count":2,"href":"https:\/\/ladepeche.mr\/index.php?rest_route=\/wp\/v2\/posts\/19641\/revisions"}],"predecessor-version":[{"id":19644,"href":"https:\/\/ladepeche.mr\/index.php?rest_route=\/wp\/v2\/posts\/19641\/revisions\/19644"}],"wp:featuredmedia":[{"embeddable":true,"href":"https:\/\/ladepeche.mr\/index.php?rest_route=\/wp\/v2\/media\/19642"}],"wp:attachment":[{"href":"https:\/\/ladepeche.mr\/index.php?rest_route=%2Fwp%2Fv2%2Fmedia&parent=19641"}],"wp:term":[{"taxonomy":"category","embeddable":true,"href":"https:\/\/ladepeche.mr\/index.php?rest_route=%2Fwp%2Fv2%2Fcategories&post=19641"},{"taxonomy":"post_tag","embeddable":true,"href":"https:\/\/ladepeche.mr\/index.php?rest_route=%2Fwp%2Fv2%2Ftags&post=19641"}],"curies":[{"name":"wp","href":"https:\/\/api.w.org\/{rel}","templated":true}]}}