{"id":19649,"date":"2025-12-16T11:38:17","date_gmt":"2025-12-16T11:38:17","guid":{"rendered":"https:\/\/ladepeche.mr\/?p=19649"},"modified":"2025-12-16T11:38:17","modified_gmt":"2025-12-16T11:38:17","slug":"le-ministre-des-affaires-economiques-signe-deux-accords-de-financement-avec-le-fades-dune-valeur-de-32-millions-de-dinars-koweitiens","status":"publish","type":"post","link":"https:\/\/ladepeche.mr\/?p=19649","title":{"rendered":"Le ministre des Affaires \u00e9conomiques signe deux accords de financement avec le FADES d\u2019une valeur de 32 millions de dinars kowe\u00eftiens"},"content":{"rendered":"<p>Son Excellence le ministre des Affaires \u00e9conomiques et du D\u00e9veloppement, Dr. Abdallah Ould Souleymane Ould Cheikh Sidia, a proc\u00e9d\u00e9,  lundi au si\u00e8ge du minist\u00e8re, \u00e0 la signature de deux accords de financement avec le directeur g\u00e9n\u00e9ral et pr\u00e9sident du Conseil d\u2019administration du Fonds arabe pour le D\u00e9veloppement \u00e9conomique et social (FADES), M. Fawzi Youssef Al-Hunaif, en pr\u00e9sence du ministre de l\u2019\u00c9quipement et des Transports, M. Ely Ould El Veirirk, et de la ministre de l\u2019Hydraulique et de l\u2019Assainissement, Mme Amal Mint Maouloud.<\/p>\n<p>Ces deux accords s\u2019inscrivent dans le cadre du renforcement du partenariat de d\u00e9veloppement existant entre notre pays et le Fonds, visant \u00e0 soutenir les infrastructures de base et \u00e0 am\u00e9liorer l\u2019acc\u00e8s des populations aux services essentiels.<\/p>\n<p>La valeur globale des deux accords s\u2019\u00e9l\u00e8ve \u00e0 32 millions de dinars kowe\u00eftiens, soit l\u2019\u00e9quivalent de 4,130 milliards MRU.<\/p>\n<p>Le premier accord porte sur le financement du projet de la route reliant les villes de Tintane et de Twil, sur une longueur d\u2019environ 120 km. La seconde composante concerne la route reliant la ville de Rosso \u00e0 la localit\u00e9 d\u2019El Bezzoul, dans la moughataa de Tekane, sur une distance de 45 km.<\/p>\n<p>Ce projet, d\u2019un co\u00fbt de 20 millions de dinars kowe\u00eftiens, devrait contribuer \u00e0 l\u2019am\u00e9lioration de la connectivit\u00e9 routi\u00e8re, au d\u00e9senclavement des zones rurales et au soutien des activit\u00e9s \u00e9conomiques locales, notamment dans les r\u00e9gions \u00e0 fort potentiel agricole et de d\u00e9veloppement.<\/p>\n<p>Il permettra \u00e9galement d\u2019am\u00e9liorer la s\u00e9curit\u00e9 routi\u00e8re, de r\u00e9duire les co\u00fbts de transport et de renforcer l\u2019int\u00e9gration \u00e9conomique des zones b\u00e9n\u00e9ficiaires en les reliant au r\u00e9seau routier national, conform\u00e9ment au programme du gouvernement visant le d\u00e9veloppement des infrastructures de transport et l\u2019am\u00e9lioration de la rentabilit\u00e9 des investissements publics.<\/p>\n<p>Le second accord, d\u2019un montant de 12 millions de dinars kowe\u00eftiens, concerne le renforcement des capacit\u00e9s de stockage, de pompage et de transport de l\u2019eau potable au profit de la ville de Nouakchott, \u00e0 travers l\u2019appui aux infrastructures hydrauliques et l\u2019am\u00e9lioration de l\u2019efficacit\u00e9 du syst\u00e8me d\u2019approvisionnement en eau, afin de r\u00e9pondre \u00e0 la croissance d\u00e9mographique acc\u00e9l\u00e9r\u00e9e et aux besoins croissants de la capitale en ce service vital.<\/p>\n<p>Ce projet vise, \u00e0 travers l\u2019extension du projet Aftout Saheli par le transfert de 75 000 m\u00e8tres cubes d\u2019eau, \u00e0 couvrir les besoins de la capitale en eau potable \u00e0 l\u2019horizon 2030. Il ambitionne de garantir la durabilit\u00e9 de l\u2019approvisionnement en eau, d\u2019am\u00e9liorer la qualit\u00e9 du service et de renforcer les capacit\u00e9s op\u00e9rationnelles des installations de stockage, de transport et de pompage, contribuant ainsi \u00e0 la s\u00e9curit\u00e9 hydrique urbaine et au soutien des efforts du gouvernement pour l\u2019am\u00e9lioration des conditions de vie des populations.<\/p>\n<p>\u00c0 cette occasion, Son Excellence le ministre des Affaires \u00e9conomiques a salu\u00e9 le niveau de coop\u00e9ration existant avec le FADES, mettant en exergue son r\u00f4le central dans le financement de projets structurants \u00e0 fort impact \u00e9conomique et social, et soulignant que ces accords traduisent la profondeur du partenariat arabe et son engagement \u00e0 soutenir le processus de d\u00e9veloppement durable en Mauritanie.<\/p>\n<p>Il a pr\u00e9cis\u00e9 que la r\u00e9alisation de ces projets s\u2019inscrit dans l\u2019engagement constant de Son Excellence le Pr\u00e9sident de la R\u00e9publique, Monsieur Mohamed Ould Cheikh El Ghazouani, en faveur de l\u2019am\u00e9lioration de l\u2019acc\u00e8s des populations urbaines et rurales aux services de base.<\/p>\n<p>Pour sa part, le directeur g\u00e9n\u00e9ral du FADES s\u2019est f\u00e9licit\u00e9 du niveau de partenariat liant son institution \u00e0 la Mauritanie, mat\u00e9rialis\u00e9 par des projets vitaux, dont celui de l\u2019alimentation de la ville de Kiffa en eau potable.<\/p>\n<p>Il a soulign\u00e9 que cette coop\u00e9ration se trouve aujourd\u2019hui renforc\u00e9e par la signature de ces accords, les premiers du genre depuis sa prise de fonctions \u00e0 la t\u00eate du Fonds, exprimant l\u2019espoir que ces projets contribuent \u00e0 l\u2019am\u00e9lioration des conditions de vie des populations et \u00e0 l\u2019acc\u00e9l\u00e9ration du rythme de la croissance et du d\u00e9veloppement.<\/p>\n<p>Il a enfin indiqu\u00e9 que le FADES, \u00e0 travers ces accords, entend appuyer les efforts du gouvernement mauritanien visant \u00e0 asseoir les fondements du d\u00e9veloppement \u00e9conomique et social.<\/p>\n<p>La c\u00e9r\u00e9monie de signature s\u2019est d\u00e9roul\u00e9e en pr\u00e9sence du secr\u00e9taire g\u00e9n\u00e9ral du minist\u00e8re, M. Yacoub Ould Ahmed A\u00efcha, ainsi que de plusieurs cadres des secteurs de l\u2019\u00c9conomie, de l\u2019Equipement et de l\u2019Hydraulique.<\/p>\n","protected":false},"excerpt":{"rendered":"<p>Son Excellence le ministre des Affaires \u00e9conomiques et du D\u00e9veloppement, Dr. Abdallah Ould Souleymane Ould Cheikh Sidia, a proc\u00e9d\u00e9, lundi au si\u00e8ge du minist\u00e8re, \u00e0 la signature de deux accords de financement avec le directeur g\u00e9n\u00e9ral et pr\u00e9sident du Conseil d\u2019administration du Fonds arabe pour le D\u00e9veloppement \u00e9conomique et social (FADES), M. Fawzi Youssef Al-Hunaif, &hellip;<\/p>\n","protected":false},"author":2,"featured_media":19650,"comment_status":"open","ping_status":"open","sticky":false,"template":"","format":"standard","meta":{"footnotes":""},"categories":[18,2],"tags":[],"class_list":["post-19649","post","type-post","status-publish","format-standard","has-post-thumbnail","hentry","category-actualites","category-economie"],"_links":{"self":[{"href":"https:\/\/ladepeche.mr\/index.php?rest_route=\/wp\/v2\/posts\/19649","targetHints":{"allow":["GET"]}}],"collection":[{"href":"https:\/\/ladepeche.mr\/index.php?rest_route=\/wp\/v2\/posts"}],"about":[{"href":"https:\/\/ladepeche.mr\/index.php?rest_route=\/wp\/v2\/types\/post"}],"author":[{"embeddable":true,"href":"https:\/\/ladepeche.mr\/index.php?rest_route=\/wp\/v2\/users\/2"}],"replies":[{"embeddable":true,"href":"https:\/\/ladepeche.mr\/index.php?rest_route=%2Fwp%2Fv2%2Fcomments&post=19649"}],"version-history":[{"count":1,"href":"https:\/\/ladepeche.mr\/index.php?rest_route=\/wp\/v2\/posts\/19649\/revisions"}],"predecessor-version":[{"id":19651,"href":"https:\/\/ladepeche.mr\/index.php?rest_route=\/wp\/v2\/posts\/19649\/revisions\/19651"}],"wp:featuredmedia":[{"embeddable":true,"href":"https:\/\/ladepeche.mr\/index.php?rest_route=\/wp\/v2\/media\/19650"}],"wp:attachment":[{"href":"https:\/\/ladepeche.mr\/index.php?rest_route=%2Fwp%2Fv2%2Fmedia&parent=19649"}],"wp:term":[{"taxonomy":"category","embeddable":true,"href":"https:\/\/ladepeche.mr\/index.php?rest_route=%2Fwp%2Fv2%2Fcategories&post=19649"},{"taxonomy":"post_tag","embeddable":true,"href":"https:\/\/ladepeche.mr\/index.php?rest_route=%2Fwp%2Fv2%2Ftags&post=19649"}],"curies":[{"name":"wp","href":"https:\/\/api.w.org\/{rel}","templated":true}]}}