{"id":19658,"date":"2025-12-16T13:22:42","date_gmt":"2025-12-16T13:22:42","guid":{"rendered":"https:\/\/ladepeche.mr\/?p=19658"},"modified":"2025-12-16T13:22:42","modified_gmt":"2025-12-16T13:22:42","slug":"maroc-intemperies-plan-durgence-active-a-safi","status":"publish","type":"post","link":"https:\/\/ladepeche.mr\/?p=19658","title":{"rendered":"Maroc- Intemp\u00e9ries-Plan d\u2019urgence activ\u00e9 \u00e0 Safi"},"content":{"rendered":"<p>A la suite de fortes pr\u00e9cipitations orageuses abattues dimanche sur la province de Safi, un plan d\u2019urgence a \u00e9t\u00e9 activ\u00e9 \u00e0 l\u2019h\u00f4pital Mohammed V pour accueillir les bless\u00e9s. Selon le directeur de l\u2019\u00e9tablissement, Khalid Iazza, ce plan comprend la mobilisation des cadres m\u00e9dicaux, infirmiers et administratifs, ainsi que la mise \u00e0 disposition des ressources humaines et logistiques n\u00e9cessaires. <\/p>\n<p>Dans un premier temps, l\u2019h\u00f4pital a mobilis\u00e9 50 lits avec la possibilit\u00e9 d\u2019\u00e9largir la capacit\u00e9 d\u2019accueil \u00e0 d\u2019autres services en cas de besoin. Tous les \u00e9quipements n\u00e9cessaires sont disponibles, a-t-il affirm\u00e9, notamment un scanner, des appareils de radiologie, d\u2019\u00e9chographie et d\u2019analyses m\u00e9dicales, ainsi que les moyens logistiques tels que les couvertures. <\/p>\n<p>Aucune p\u00e9nurie n\u2019a \u00e9t\u00e9 enregistr\u00e9e au niveau de l\u2019intervention de l\u2019\u00e9tablissement hospitalier, a fait observer le directeur de l&#8217;h\u00f4pital. Et de noter que cette mobilisation a \u00e9galement concern\u00e9 le rappel de cinq m\u00e9decins du service des urgences, de deux m\u00e9decins anesth\u00e9sistes, d\u2019un m\u00e9decin en chirurgie orthop\u00e9dique et d\u2019un m\u00e9decin en neurochirurgie. <\/p>\n<p>Jusqu\u2019\u00e0 18 heures dimanche, les services des urgences ont pris en charge 61 cas, dont deux admis en r\u00e9animation dans un \u00e9tat stable, tandis que 18 personnes souffrant d\u2019hypothermie s\u00e9v\u00e8re ont \u00e9t\u00e9 hospitalis\u00e9es. \u00c0 ce stade, 13 bless\u00e9s ont quitt\u00e9 l\u2019h\u00f4pital, cinq poursuivent leur traitement et l\u2019\u00e9tat des patients en r\u00e9animation demeure rassurant. Gr\u00e2ce au niveau de pr\u00e9paration et \u00e0 la r\u00e9activit\u00e9 de l\u2019\u00e9tablissement, la situation demeure sous contr\u00f4le.<br \/>\n(avec m\u00e9dias)<\/p>\n","protected":false},"excerpt":{"rendered":"<p>A la suite de fortes pr\u00e9cipitations orageuses abattues dimanche sur la province de Safi, un plan d\u2019urgence a \u00e9t\u00e9 activ\u00e9 \u00e0 l\u2019h\u00f4pital Mohammed V pour accueillir les bless\u00e9s. Selon le directeur de l\u2019\u00e9tablissement, Khalid Iazza, ce plan comprend la mobilisation des cadres m\u00e9dicaux, infirmiers et administratifs, ainsi que la mise \u00e0 disposition des ressources humaines &hellip;<\/p>\n","protected":false},"author":2,"featured_media":19659,"comment_status":"open","ping_status":"open","sticky":false,"template":"","format":"standard","meta":{"footnotes":""},"categories":[18,29],"tags":[],"class_list":["post-19658","post","type-post","status-publish","format-standard","has-post-thumbnail","hentry","category-actualites","category-monde"],"_links":{"self":[{"href":"https:\/\/ladepeche.mr\/index.php?rest_route=\/wp\/v2\/posts\/19658","targetHints":{"allow":["GET"]}}],"collection":[{"href":"https:\/\/ladepeche.mr\/index.php?rest_route=\/wp\/v2\/posts"}],"about":[{"href":"https:\/\/ladepeche.mr\/index.php?rest_route=\/wp\/v2\/types\/post"}],"author":[{"embeddable":true,"href":"https:\/\/ladepeche.mr\/index.php?rest_route=\/wp\/v2\/users\/2"}],"replies":[{"embeddable":true,"href":"https:\/\/ladepeche.mr\/index.php?rest_route=%2Fwp%2Fv2%2Fcomments&post=19658"}],"version-history":[{"count":1,"href":"https:\/\/ladepeche.mr\/index.php?rest_route=\/wp\/v2\/posts\/19658\/revisions"}],"predecessor-version":[{"id":19660,"href":"https:\/\/ladepeche.mr\/index.php?rest_route=\/wp\/v2\/posts\/19658\/revisions\/19660"}],"wp:featuredmedia":[{"embeddable":true,"href":"https:\/\/ladepeche.mr\/index.php?rest_route=\/wp\/v2\/media\/19659"}],"wp:attachment":[{"href":"https:\/\/ladepeche.mr\/index.php?rest_route=%2Fwp%2Fv2%2Fmedia&parent=19658"}],"wp:term":[{"taxonomy":"category","embeddable":true,"href":"https:\/\/ladepeche.mr\/index.php?rest_route=%2Fwp%2Fv2%2Fcategories&post=19658"},{"taxonomy":"post_tag","embeddable":true,"href":"https:\/\/ladepeche.mr\/index.php?rest_route=%2Fwp%2Fv2%2Ftags&post=19658"}],"curies":[{"name":"wp","href":"https:\/\/api.w.org\/{rel}","templated":true}]}}