{"id":19665,"date":"2025-12-16T14:00:05","date_gmt":"2025-12-16T14:00:05","guid":{"rendered":"https:\/\/ladepeche.mr\/?p=19665"},"modified":"2025-12-16T13:39:44","modified_gmt":"2025-12-16T13:39:44","slug":"discours-de-ould-mohamed-lemine-a-aioun-renforcer-la-citoyennete-et-la-cohesion-nationale-a-travers-letat-de-droit","status":"publish","type":"post","link":"https:\/\/ladepeche.mr\/?p=19665","title":{"rendered":"Discours de Ould Mohamed Lemine \u00e0 A\u00efoun : renforcer la citoyennet\u00e9 et la coh\u00e9sion nationale \u00e0 travers l\u2019\u00c9tat de droit"},"content":{"rendered":"<p>Le ministre de l\u2019Int\u00e9rieur, de la Promotion de la D\u00e9centralisation et du D\u00e9veloppement local, Mohamed Ahmed Ould Mohamed Lemine, a pr\u00e9sid\u00e9 hier lundi \u00e0 A\u00efoun une r\u00e9union regroupant les autorit\u00e9s administratives, les pr\u00e9sidents des collectivit\u00e9s locales, les maires ainsi que les responsables des services de s\u00e9curit\u00e9 des wilayas des deux Hodhs et de l\u2019Assaba. Cette rencontre s\u2019inscrit dans le cadre des programmes de formation et d\u2019orientation organis\u00e9s par le d\u00e9partement de l\u2019Int\u00e9rieur au profit des p\u00f4les administratifs r\u00e9gionaux.<br \/>\nCette r\u00e9union s\u2019inscrit dans la mise en \u0153uvre des orientations du Pr\u00e9sident de la R\u00e9publique, Son Excellence Monsieur Mohamed Ould Cheikh El Ghazouani, visant \u00e0 b\u00e2tir un \u00c9tat citoyen moderne, fond\u00e9 sur la primaut\u00e9 du droit, l\u2019\u00e9galit\u00e9 entre les citoyens et le renforcement de la coh\u00e9sion nationale.<br \/>\nDans son intervention, le ministre a rappel\u00e9 que le Chef de l\u2019\u00c9tat, dans son discours de N\u00e9ma, a mis l\u2019accent sur la consolidation de l\u2019\u00c9tat citoyen, le renforcement des valeurs r\u00e9publicaines et la n\u00e9cessit\u00e9 de d\u00e9passer les pratiques sociales n\u00e9gatives, notamment celles li\u00e9es aux r\u00e9flexes tribaux, lorsqu\u2019elles entravent la justice, l\u2019\u00e9quit\u00e9 et l\u2019int\u00e9r\u00eat g\u00e9n\u00e9ral.<br \/>\nIl a soulign\u00e9 que l\u2019administration publique doit demeurer neutre, impartiale et exclusivement au service du citoyen, sans distinction d\u2019origine, d\u2019appartenance sociale ou r\u00e9gionale. \u00c0 ce titre, il a insist\u00e9 sur l\u2019importance d\u2019un comportement civique responsable, fond\u00e9 sur le respect de la loi, des institutions et des r\u00e8gles du vivre-ensemble.<br \/>\nLe ministre a rappel\u00e9 que l\u2019\u00c9tat est le garant de la s\u00e9curit\u00e9, de la protection des droits et de l\u2019\u00e9galit\u00e9 devant la loi. Il a invit\u00e9 les citoyens \u00e0 faire confiance aux institutions r\u00e9publicaines et \u00e0 privil\u00e9gier les voies l\u00e9gales dans le r\u00e8glement des diff\u00e9rends, contribuant ainsi \u00e0 la stabilit\u00e9 sociale et \u00e0 la confiance mutuelle entre l\u2019administration et les populations.<br \/>\nM. Mohamed Ahmed Ould Mohamed Lemine a \u00e9galement appel\u00e9 \u00e0 un suivi rigoureux du programme d\u2019urgence, au renforcement de la d\u00e9centralisation et du d\u00e9veloppement local, \u00e0 la lutte contre l\u2019urbanisme anarchique et la corruption, ainsi qu\u2019\u00e0 une meilleure coordination entre autorit\u00e9s administratives, \u00e9lus locaux et services de s\u00e9curit\u00e9, dans le respect des comp\u00e9tences de chacun.<br \/>\nIl a en outre exhort\u00e9 les autorit\u00e9s administratives, les \u00e9lus et les forces de s\u00e9curit\u00e9 \u00e0 faire preuve de responsabilit\u00e9, de professionnalisme et de sens du dialogue, afin d\u2019incarner les valeurs de civilit\u00e9, d\u2019humanit\u00e9 et de bon voisinage qui caract\u00e9risent la Mauritanie, notamment dans les zones frontali\u00e8res.<br \/>\nDans leurs interventions, les participants ont insist\u00e9 sur la n\u00e9cessit\u00e9 de renforcer la compl\u00e9mentarit\u00e9 entre les \u00e9lus locaux et les autorit\u00e9s administratives, dans un esprit de partenariat et de respect de la l\u00e9galit\u00e9, afin de garantir le succ\u00e8s de la d\u00e9centralisation et du d\u00e9veloppement local. Ils ont \u00e9galement salu\u00e9 les acquis r\u00e9alis\u00e9s dans ce domaine, en particulier \u00e0 travers le programme d\u2019urgence, qui a permis la r\u00e9alisation de projets concrets contribuant \u00e0 l\u2019am\u00e9lioration des conditions de vie des citoyens.<br \/>\n(avec Ami)<\/p>\n","protected":false},"excerpt":{"rendered":"<p>Le ministre de l\u2019Int\u00e9rieur, de la Promotion de la D\u00e9centralisation et du D\u00e9veloppement local, Mohamed Ahmed Ould Mohamed Lemine, a pr\u00e9sid\u00e9 hier lundi \u00e0 A\u00efoun une r\u00e9union regroupant les autorit\u00e9s administratives, les pr\u00e9sidents des collectivit\u00e9s locales, les maires ainsi que les responsables des services de s\u00e9curit\u00e9 des wilayas des deux Hodhs et de l\u2019Assaba. Cette &hellip;<\/p>\n","protected":false},"author":2,"featured_media":19666,"comment_status":"open","ping_status":"open","sticky":false,"template":"","format":"standard","meta":{"footnotes":""},"categories":[18,31],"tags":[],"class_list":["post-19665","post","type-post","status-publish","format-standard","has-post-thumbnail","hentry","category-actualites","category-politique-et-reportages"],"_links":{"self":[{"href":"https:\/\/ladepeche.mr\/index.php?rest_route=\/wp\/v2\/posts\/19665","targetHints":{"allow":["GET"]}}],"collection":[{"href":"https:\/\/ladepeche.mr\/index.php?rest_route=\/wp\/v2\/posts"}],"about":[{"href":"https:\/\/ladepeche.mr\/index.php?rest_route=\/wp\/v2\/types\/post"}],"author":[{"embeddable":true,"href":"https:\/\/ladepeche.mr\/index.php?rest_route=\/wp\/v2\/users\/2"}],"replies":[{"embeddable":true,"href":"https:\/\/ladepeche.mr\/index.php?rest_route=%2Fwp%2Fv2%2Fcomments&post=19665"}],"version-history":[{"count":1,"href":"https:\/\/ladepeche.mr\/index.php?rest_route=\/wp\/v2\/posts\/19665\/revisions"}],"predecessor-version":[{"id":19667,"href":"https:\/\/ladepeche.mr\/index.php?rest_route=\/wp\/v2\/posts\/19665\/revisions\/19667"}],"wp:featuredmedia":[{"embeddable":true,"href":"https:\/\/ladepeche.mr\/index.php?rest_route=\/wp\/v2\/media\/19666"}],"wp:attachment":[{"href":"https:\/\/ladepeche.mr\/index.php?rest_route=%2Fwp%2Fv2%2Fmedia&parent=19665"}],"wp:term":[{"taxonomy":"category","embeddable":true,"href":"https:\/\/ladepeche.mr\/index.php?rest_route=%2Fwp%2Fv2%2Fcategories&post=19665"},{"taxonomy":"post_tag","embeddable":true,"href":"https:\/\/ladepeche.mr\/index.php?rest_route=%2Fwp%2Fv2%2Ftags&post=19665"}],"curies":[{"name":"wp","href":"https:\/\/api.w.org\/{rel}","templated":true}]}}