{"id":19672,"date":"2025-12-16T17:44:02","date_gmt":"2025-12-16T17:44:02","guid":{"rendered":"https:\/\/ladepeche.mr\/?p=19672"},"modified":"2025-12-16T17:44:02","modified_gmt":"2025-12-16T17:44:02","slug":"mauritanie-lofid-alloue-un-appui-budgetaire-de-30-millions-usd","status":"publish","type":"post","link":"https:\/\/ladepeche.mr\/?p=19672","title":{"rendered":"Mauritanie: l&#8217;OFID alloue un appui budg\u00e9taire de 30 millions Usd"},"content":{"rendered":"<p>La Mauritanie et le Fonds de l\u2019OPEP pour le d\u00e9veloppement international (OFID) ont sign\u00e9, mardi, un accord d\u2019appui budg\u00e9taire d\u2019un montant de 30 millions de dollars, marquant la premi\u00e8re convention de ce type conclue entre les deux parties.<\/p>\n<p>L\u2019accord a \u00e9t\u00e9 paraph\u00e9 par le ministre des Affaires \u00e9conomiques et du D\u00e9veloppement, Abdallah Ould Souleymane Ould Cheikh Sidia, lors d\u2019une rencontre avec une d\u00e9l\u00e9gation de l\u2019OFID conduite par le directeur des op\u00e9rations pour l\u2019Afrique, Mahmoud Khan. Il avait \u00e9t\u00e9 approuv\u00e9 par le Conseil d\u2019administration du Fonds le 28 novembre dernier et sign\u00e9 par son directeur g\u00e9n\u00e9ral.<\/p>\n<p>Cette convention vise \u00e0 soutenir les \u00e9quilibres macro\u00e9conomiques de la Mauritanie et \u00e0 renforcer la coop\u00e9ration financi\u00e8re avec l\u2019OFID, dans un contexte d\u2019alignement des interventions du Fonds sur les priorit\u00e9s nationales de d\u00e9veloppement.<\/p>\n<p>Les deux parties ont \u00e9galement examin\u00e9 les m\u00e9canismes de mise en \u0153uvre des conclusions de la table ronde de haut niveau sur le d\u00e9veloppement en Mauritanie, organis\u00e9e le 16 juin \u00e0 Vienne, sous l\u2019\u00e9gide du Groupe de coordination arabe.<\/p>\n<p>Les \u00e9changes ont enfin port\u00e9 sur les perspectives du partenariat strat\u00e9gique entre la Mauritanie et le Fonds, notamment le financement des projets du Programme d\u2019investissement public et l\u2019appui au secteur priv\u00e9, en vue de la cr\u00e9ation d\u2019emplois et de l\u2019am\u00e9lioration de la comp\u00e9titivit\u00e9 de l\u2019\u00e9conomie nationale.<\/p>\n<p>La rencontre s\u2019est d\u00e9roul\u00e9e en pr\u00e9sence de plusieurs responsables du minist\u00e8re des Affaires \u00e9conomiques et du D\u00e9veloppement.<\/p>\n","protected":false},"excerpt":{"rendered":"<p>La Mauritanie et le Fonds de l\u2019OPEP pour le d\u00e9veloppement international (OFID) ont sign\u00e9, mardi, un accord d\u2019appui budg\u00e9taire d\u2019un montant de 30 millions de dollars, marquant la premi\u00e8re convention de ce type conclue entre les deux parties. L\u2019accord a \u00e9t\u00e9 paraph\u00e9 par le ministre des Affaires \u00e9conomiques et du D\u00e9veloppement, Abdallah Ould Souleymane Ould &hellip;<\/p>\n","protected":false},"author":2,"featured_media":19673,"comment_status":"open","ping_status":"open","sticky":false,"template":"","format":"standard","meta":{"footnotes":""},"categories":[18,2],"tags":[],"class_list":["post-19672","post","type-post","status-publish","format-standard","has-post-thumbnail","hentry","category-actualites","category-economie"],"_links":{"self":[{"href":"https:\/\/ladepeche.mr\/index.php?rest_route=\/wp\/v2\/posts\/19672","targetHints":{"allow":["GET"]}}],"collection":[{"href":"https:\/\/ladepeche.mr\/index.php?rest_route=\/wp\/v2\/posts"}],"about":[{"href":"https:\/\/ladepeche.mr\/index.php?rest_route=\/wp\/v2\/types\/post"}],"author":[{"embeddable":true,"href":"https:\/\/ladepeche.mr\/index.php?rest_route=\/wp\/v2\/users\/2"}],"replies":[{"embeddable":true,"href":"https:\/\/ladepeche.mr\/index.php?rest_route=%2Fwp%2Fv2%2Fcomments&post=19672"}],"version-history":[{"count":1,"href":"https:\/\/ladepeche.mr\/index.php?rest_route=\/wp\/v2\/posts\/19672\/revisions"}],"predecessor-version":[{"id":19674,"href":"https:\/\/ladepeche.mr\/index.php?rest_route=\/wp\/v2\/posts\/19672\/revisions\/19674"}],"wp:featuredmedia":[{"embeddable":true,"href":"https:\/\/ladepeche.mr\/index.php?rest_route=\/wp\/v2\/media\/19673"}],"wp:attachment":[{"href":"https:\/\/ladepeche.mr\/index.php?rest_route=%2Fwp%2Fv2%2Fmedia&parent=19672"}],"wp:term":[{"taxonomy":"category","embeddable":true,"href":"https:\/\/ladepeche.mr\/index.php?rest_route=%2Fwp%2Fv2%2Fcategories&post=19672"},{"taxonomy":"post_tag","embeddable":true,"href":"https:\/\/ladepeche.mr\/index.php?rest_route=%2Fwp%2Fv2%2Ftags&post=19672"}],"curies":[{"name":"wp","href":"https:\/\/api.w.org\/{rel}","templated":true}]}}