{"id":19693,"date":"2025-12-17T11:34:08","date_gmt":"2025-12-17T11:34:08","guid":{"rendered":"https:\/\/ladepeche.mr\/?p=19693"},"modified":"2025-12-17T11:34:08","modified_gmt":"2025-12-17T11:34:08","slug":"maroc-instructions-royales-pour-proteger-les-plus-vulnerables-face-aux-aleas-climatiques-de-cet-hiver","status":"publish","type":"post","link":"https:\/\/ladepeche.mr\/?p=19693","title":{"rendered":"Maroc-Instructions royales pour prot\u00e9ger les plus vuln\u00e9rables face aux al\u00e9as climatiques de cet hiver"},"content":{"rendered":"<p>En application des Hautes Instructions Royales, le minist\u00e8re de l\u2019Int\u00e9rieur a renforc\u00e9 la mobilisation des autorit\u00e9s et des services concern\u00e9s afin d\u2019anticiper et de limiter les impacts des perturbations m\u00e9t\u00e9orologiques attendues durant l\u2019hiver 2025-2026.<\/p>\n<p>En coordination avec les diff\u00e9rents d\u00e9partements gouvernementaux, les autorit\u00e9s territoriales ont \u00e9t\u00e9 appel\u00e9es \u00e0 intensifier le suivi de l\u2019\u00e9volution des conditions climatiques, \u00e0 renforcer la coordination sur le terrain et \u00e0 mettre en \u0153uvre des mesures pr\u00e9ventives destin\u00e9es \u00e0 prot\u00e9ger les populations et \u00e0 r\u00e9duire les risques, dans le cadre d\u2019un dispositif cibl\u00e9 au profit des cat\u00e9gories les plus vuln\u00e9rables.<\/p>\n<p>Ce dispositif pr\u00e9voit notamment l\u2019activation du centre de pilotage et de veille au niveau du minist\u00e8re de l\u2019Int\u00e9rieur, ainsi que des comit\u00e9s provinciaux, dans le cadre du Plan national de lutte contre les effets des vagues de froid. Actualis\u00e9 et \u00e9largi, ce plan concerne des populations vivant dans plusieurs douars relevant de 28 pr\u00e9fectures et provinces, avec des interventions adapt\u00e9es aux sp\u00e9cificit\u00e9s de chaque r\u00e9gion.<\/p>\n<p>Les actions engag\u00e9es portent sur l\u2019approvisionnement des zones concern\u00e9es en produits de base et en moyens de chauffage, la mobilisation de moyens logistiques pour le d\u00e9senclavement des zones menac\u00e9es, la distribution d\u2019aides alimentaires, de couvertures et de bois de chauffage, ainsi que l\u2019assistance imm\u00e9diate aux personnes en situation critique. Elles visent \u00e9galement \u00e0 assurer la continuit\u00e9 des liaisons routi\u00e8res et t\u00e9l\u00e9phoniques et \u00e0 prot\u00e9ger le cheptel.<\/p>\n<p>Le minist\u00e8re de l\u2019Int\u00e9rieur r\u00e9affirme la mobilisation totale des autorit\u00e9s publiques et appelle les citoyens, en particulier ceux r\u00e9sidant dans les zones concern\u00e9es, \u00e0 faire preuve de vigilance, \u00e0 respecter les consignes de s\u00e9curit\u00e9 et \u00e0 observer la plus grande prudence dans leurs d\u00e9placements, afin de pr\u00e9server les vies humaines et les biens.<br \/>\n(avec m\u00e9dias)<\/p>\n","protected":false},"excerpt":{"rendered":"<p>En application des Hautes Instructions Royales, le minist\u00e8re de l\u2019Int\u00e9rieur a renforc\u00e9 la mobilisation des autorit\u00e9s et des services concern\u00e9s afin d\u2019anticiper et de limiter les impacts des perturbations m\u00e9t\u00e9orologiques attendues durant l\u2019hiver 2025-2026. En coordination avec les diff\u00e9rents d\u00e9partements gouvernementaux, les autorit\u00e9s territoriales ont \u00e9t\u00e9 appel\u00e9es \u00e0 intensifier le suivi de l\u2019\u00e9volution des conditions &hellip;<\/p>\n","protected":false},"author":2,"featured_media":19695,"comment_status":"open","ping_status":"open","sticky":false,"template":"","format":"standard","meta":{"footnotes":""},"categories":[18,29],"tags":[],"class_list":["post-19693","post","type-post","status-publish","format-standard","has-post-thumbnail","hentry","category-actualites","category-monde"],"_links":{"self":[{"href":"https:\/\/ladepeche.mr\/index.php?rest_route=\/wp\/v2\/posts\/19693","targetHints":{"allow":["GET"]}}],"collection":[{"href":"https:\/\/ladepeche.mr\/index.php?rest_route=\/wp\/v2\/posts"}],"about":[{"href":"https:\/\/ladepeche.mr\/index.php?rest_route=\/wp\/v2\/types\/post"}],"author":[{"embeddable":true,"href":"https:\/\/ladepeche.mr\/index.php?rest_route=\/wp\/v2\/users\/2"}],"replies":[{"embeddable":true,"href":"https:\/\/ladepeche.mr\/index.php?rest_route=%2Fwp%2Fv2%2Fcomments&post=19693"}],"version-history":[{"count":2,"href":"https:\/\/ladepeche.mr\/index.php?rest_route=\/wp\/v2\/posts\/19693\/revisions"}],"predecessor-version":[{"id":19696,"href":"https:\/\/ladepeche.mr\/index.php?rest_route=\/wp\/v2\/posts\/19693\/revisions\/19696"}],"wp:featuredmedia":[{"embeddable":true,"href":"https:\/\/ladepeche.mr\/index.php?rest_route=\/wp\/v2\/media\/19695"}],"wp:attachment":[{"href":"https:\/\/ladepeche.mr\/index.php?rest_route=%2Fwp%2Fv2%2Fmedia&parent=19693"}],"wp:term":[{"taxonomy":"category","embeddable":true,"href":"https:\/\/ladepeche.mr\/index.php?rest_route=%2Fwp%2Fv2%2Fcategories&post=19693"},{"taxonomy":"post_tag","embeddable":true,"href":"https:\/\/ladepeche.mr\/index.php?rest_route=%2Fwp%2Fv2%2Ftags&post=19693"}],"curies":[{"name":"wp","href":"https:\/\/api.w.org\/{rel}","templated":true}]}}