{"id":19697,"date":"2025-12-17T12:00:48","date_gmt":"2025-12-17T12:00:48","guid":{"rendered":"https:\/\/ladepeche.mr\/?p=19697"},"modified":"2025-12-17T11:51:58","modified_gmt":"2025-12-17T11:51:58","slug":"le-ministre-des-affaires-economiques-recoit-la-coordonnatrice-du-systeme-des-nations-unies-en-mauritanie","status":"publish","type":"post","link":"https:\/\/ladepeche.mr\/?p=19697","title":{"rendered":"Le ministre des Affaires \u00e9conomiques re\u00e7oit la Coordonnatrice du Syst\u00e8me des Nations Unies en Mauritanie"},"content":{"rendered":"<p>Son Excellence le ministre des Affaires Economiques et du D\u00e9veloppement, Dr Abdallah Ould Souleymane Ould Cheikh Sidia, a re\u00e7u en audience mardi, Mme Lila Pieters Yahia, Coordinatrice Residente du Systeme des Nations  Unies en Mauritanie, accompagn\u00e9e d&#8217;une d\u00e9l\u00e9gation de son Institution.<\/p>\n<p>Les deux parties ont pass\u00e9 en revue les programmes actuellement en cours de mise en \u0153uvre ainsi que les futurs et potentiels soutiens que le Systeme des Nations Unies pourra apporter \u00e0 la Mauritanie.<\/p>\n<p>A cette occasion, le ministre des Affaires Economiques et du developpement a remerci\u00e9 la Coordinatrice R\u00e9sidente pour sa disponibilit\u00e9 constante et sa volont\u00e9 r\u00e9elle d&#8217;accompagner le processus de d\u00e9veloppement du pays, soulignant que les deux parties \u0153uvrent ensemble pour hisser la coop\u00e9ration au niveau souhait\u00e9.<\/p>\n<p>Il a par ailleurs confirm\u00e9 sa disponibilit\u00e9 \u00e0 accompagner toute initiative de nature \u00e0 am\u00e9liorer le niveau de coop\u00e9ration au service du  d\u00e9veloppement \u00e9conomique et social  du pays.<\/p>\n<p>Pour sa part, la Coordinatrice a reconnu avec satisfaction les avanc\u00e9es remarquables dans la mise en \u0153uvre des programmes appuy\u00e9s par le Syst\u00e8me des Nations Unies.<br \/>\nPour garantir un meilleur suivi de la mise en \u0153uvre des programmes de coop2ration, les deux parties ont convenu d&#8217;une rencontre mensuelle au d\u00e9but de chaque  mois.<\/p>\n<p>Ont  assist\u00e9 \u00e0 la rencontre Messieurs Mohamed Ould TEGHRE, directeur g\u00e9n\u00e9ral de l&#8217;\u00c9valuation, du Suivi et des R\u00e9formes et Sid Mbarek Allouch de la Direction g\u00e9n\u00e9rale des Politiques et Strat\u00e9gies de D\u00e9veloppement.<br \/>\nSource MAED<\/p>\n","protected":false},"excerpt":{"rendered":"<p>Son Excellence le ministre des Affaires Economiques et du D\u00e9veloppement, Dr Abdallah Ould Souleymane Ould Cheikh Sidia, a re\u00e7u en audience mardi, Mme Lila Pieters Yahia, Coordinatrice Residente du Systeme des Nations Unies en Mauritanie, accompagn\u00e9e d&#8217;une d\u00e9l\u00e9gation de son Institution. Les deux parties ont pass\u00e9 en revue les programmes actuellement en cours de mise &hellip;<\/p>\n","protected":false},"author":2,"featured_media":19698,"comment_status":"open","ping_status":"open","sticky":false,"template":"","format":"standard","meta":{"footnotes":""},"categories":[18,2],"tags":[],"class_list":["post-19697","post","type-post","status-publish","format-standard","has-post-thumbnail","hentry","category-actualites","category-economie"],"_links":{"self":[{"href":"https:\/\/ladepeche.mr\/index.php?rest_route=\/wp\/v2\/posts\/19697","targetHints":{"allow":["GET"]}}],"collection":[{"href":"https:\/\/ladepeche.mr\/index.php?rest_route=\/wp\/v2\/posts"}],"about":[{"href":"https:\/\/ladepeche.mr\/index.php?rest_route=\/wp\/v2\/types\/post"}],"author":[{"embeddable":true,"href":"https:\/\/ladepeche.mr\/index.php?rest_route=\/wp\/v2\/users\/2"}],"replies":[{"embeddable":true,"href":"https:\/\/ladepeche.mr\/index.php?rest_route=%2Fwp%2Fv2%2Fcomments&post=19697"}],"version-history":[{"count":1,"href":"https:\/\/ladepeche.mr\/index.php?rest_route=\/wp\/v2\/posts\/19697\/revisions"}],"predecessor-version":[{"id":19699,"href":"https:\/\/ladepeche.mr\/index.php?rest_route=\/wp\/v2\/posts\/19697\/revisions\/19699"}],"wp:featuredmedia":[{"embeddable":true,"href":"https:\/\/ladepeche.mr\/index.php?rest_route=\/wp\/v2\/media\/19698"}],"wp:attachment":[{"href":"https:\/\/ladepeche.mr\/index.php?rest_route=%2Fwp%2Fv2%2Fmedia&parent=19697"}],"wp:term":[{"taxonomy":"category","embeddable":true,"href":"https:\/\/ladepeche.mr\/index.php?rest_route=%2Fwp%2Fv2%2Fcategories&post=19697"},{"taxonomy":"post_tag","embeddable":true,"href":"https:\/\/ladepeche.mr\/index.php?rest_route=%2Fwp%2Fv2%2Ftags&post=19697"}],"curies":[{"name":"wp","href":"https:\/\/api.w.org\/{rel}","templated":true}]}}