{"id":19706,"date":"2025-12-17T22:06:24","date_gmt":"2025-12-17T22:06:24","guid":{"rendered":"https:\/\/ladepeche.mr\/?p=19706"},"modified":"2025-12-17T22:06:24","modified_gmt":"2025-12-17T22:06:24","slug":"le-conseil-des-ministres-adopte-un-projet-de-decret-portant-creation-dun-etablissement-public-denomme-agencetekwin","status":"publish","type":"post","link":"https:\/\/ladepeche.mr\/?p=19706","title":{"rendered":"Le Conseil des ministres adopte un projet de d\u00e9cret portant cr\u00e9ation d\u2019un \u00e9tablissement public d\u00e9nomm\u00e9 : AgenceTEKWIN"},"content":{"rendered":"<p>Le Conseil des Ministres s\u2019est r\u00e9uni, mercredi au Palais pr\u00e9sidentiel \u00e0 Nouakchott, sous la Pr\u00e9sidence de Son Excellence Monsieur Mohamed OULD CHEIKH EL-GHAZOUANI, Pr\u00e9sident de la R\u00e9publique.<\/p>\n<p>Le Conseil a examin\u00e9 et adopt\u00e9 les projets de textes suivants :<\/p>\n<p>\u2013 Projet de d\u00e9cret portant cr\u00e9ation, organisation et fonctionnement d\u2019un Etablissement Public \u00e0 caract\u00e8re Administratif, d\u00e9nomm\u00e9 l\u2019Agence Nationale de la Formation Technique et Professionnelle (Agence TEKWIN).<\/p>\n<p>Cette agence se veut un instrument agile, performant et autonome, capable de transformer le paysage de la Formation Professionnelle.<\/p>\n<p>Le mod\u00e8le propos\u00e9 s\u2019appuie sur les meilleures pratiques internationales et r\u00e9gionales en mati\u00e8re de gouvernance de la Formation Technique et Professionnelle (FTP), en mettant l\u2019accent sur une distinction claire entre le r\u00f4le strat\u00e9gique et r\u00e9gulateur du Minist\u00e8re et le r\u00f4le op\u00e9rationnel et technique de l\u2019Agence. Sa mission principale consiste \u00e0 la mise en \u0153uvre op\u00e9rationnelle de la politique du Gouvernement en mati\u00e8re de Formation Technique et Professionnelle.<\/p>\n<p>Ce projet de d\u00e9cret vise \u00e0 \u00e9tablir le cadre organisationnel et institutionnel de l\u2019Agence et d\u00e9finit les modalit\u00e9s de dissolution de l\u2019Institut National pour la Promotion de la Formation Technique et Professionnelle (INAP-FTP). L\u2019Agence remplacera ainsi l\u2019INAP-FTP dans tous ses droits et obligations, h\u00e9ritant de l\u2019ensemble de ses biens mobiliers et immobiliers, de ses droits et obligations, et reprenant les contrats, accords et engagements existants de l\u2019institut.<\/p>\n<p>Ce projet de d\u00e9cret fixe les modalit\u00e9s de gestion et de fonctionnement du Fonds de la Formation Technique et Professionnelle (2FTP g\u00e9r\u00e9 par l\u2019INAP-FTP, qui rel\u00e8vera d\u00e9sormais de l\u2019Agence.<\/p>\n<p>Il fixe les r\u00e8gles d\u2019autonomie des \u00e9tablissements publics de la Formation Technique et Professionnelle, sous tutelle du Minist\u00e8re de la Formation Professionnelle, de l\u2019Artisanat et des M\u00e9tiers, qui seront d\u00e9sormais sous la tutelle de l\u2019Agence.<\/p>\n<p>\u2013 Projet de d\u00e9cret portant nomination des membres du Conseil d\u2019Administration du Centre Hospitalier National,<\/p>\n<p>\u2013 Projet de d\u00e9cret portant nomination des membres du Conseil d\u2019Administration du Centre Hospitalier de N\u00e9ma,<\/p>\n<p>\u2013 Projet de d\u00e9cret portant nomination des membres du Conseil d\u2019Administration du Centre Hospitalier de Kiffa,<\/p>\n<p>\u2013 Projet de d\u00e9cret portant nomination des membres du Conseil d\u2019Administration du Centre Hospitalier de Zouerate,<\/p>\n<p>\u2013 Projet de d\u00e9cret portant approbation de l\u2019avenant n\u00b0 1 au contrat d\u2019Exploitation-production relatif au bloc Banda et Tavet du Bassin C\u00f4tier sign\u00e9 le 5 d\u00e9cembre 2025 entre l\u2019Etat Mauritanien et la Soci\u00e9t\u00e9 GO GAS HOLDING FZE.<\/p>\n<p>Conscient de l\u2019importance de la promotion du potentiel p\u00e9trolier de notre offshore, notamment durant la conjoncture internationale actuelle marqu\u00e9e par la baisse des activit\u00e9s d\u2019exploration, afin de pr\u00e9server l\u2019attractivit\u00e9 du secteur et de s\u00e9curiser la poursuite des investissements dans ce projet strat\u00e9gique, le Conseil des Ministres, lors de sa s\u00e9ance du 3 d\u00e9cembre 2025, a approuv\u00e9 la signature de l\u2019annexe n\u00b0 1, qui stipule la prolongation de la p\u00e9riode d\u2019exploration. Aussi, ledit avenant a \u00e9t\u00e9 sign\u00e9 le 05 d\u00e9cembre 2025.<\/p>\n<p>Ce projet de d\u00e9cret vise par cons\u00e9quent \u00e0 ratifier l\u2019avenant n\u00b0 1 au contrat d\u2019exploration et de production des blocs Banda et Tavet du bassin c\u00f4tier.<\/p>\n<p>Par ailleurs, \u00e0 la lumi\u00e8re des r\u00e9sultats de la visite de travail effectu\u00e9e par Son Excellence Monsieur le Pr\u00e9sident de la R\u00e9publique dans la Wilaya de l\u2019Assaba les vendredi 12 et dimanche 14 d\u00e9cembre 2025, le Conseil des ministres adresse ses remerciements et ses vives f\u00e9licitations aux populations de cette wilaya pour leur mobilisation exceptionnelle et l\u2019accueil chaleureux qu\u2019ils ont r\u00e9serv\u00e9 \u00e0 Son Excellence Monsieur le Pr\u00e9sident de la R\u00e9publique et \u00e0 sa d\u00e9l\u00e9gation lors de cette importante visite, au cours de laquelle il a supervis\u00e9 le lancement de plusieurs projets dans le cadre des activit\u00e9s comm\u00e9morant le 65\u00e8me anniversaire de la f\u00eate de l\u2019Ind\u00e9pendance de notre pays, \u00e0 savoir :<\/p>\n<p>\u2010 Couverture des zones frontali\u00e8res de Ndiago \u00e0 Nbeiket Lahwach en services de t\u00e9l\u00e9communications mobiles 2G et 4G,<\/p>\n<p>\u2010 Inauguration de quatre tron\u00e7ons routiers : la route Laouinat-Timb\u00e9dra, la route Tintane-Aioun, la route Djouk-Kiffa et la route Aleg-Maghta Lahjar.<\/p>\n<p>\u2010 La pause de la premi\u00e8re pierre du syst\u00e8me d\u2019approvisionnement en eau potable, destin\u00e9 \u00e0 acheminer l\u2019eau du fleuve S\u00e9n\u00e9gal jusqu\u2019\u00e0 Kiffa, ainsi que les villes et villages situ\u00e9s le long de la ligne Gouraye-Kiffa, ce qui permettra d\u2019assurer l\u2019acc\u00e8s \u00e0 l\u2019eau potable pour plus de 180.000 personnes,<\/p>\n<p>Le Ministre des Affaires Etrang\u00e8res, de la Coop\u00e9ration Africaine et des Mauritaniens de l\u2019Ext\u00e9rieur a pr\u00e9sent\u00e9 une communication relative \u00e0 la situation internationale.<\/p>\n<p>Le Ministre D\u00e9l\u00e9gu\u00e9 aupr\u00e8s du Ministre de l\u2019Int\u00e9rieur, de la Promotion de la D\u00e9centralisation et du D\u00e9veloppement Local Charg\u00e9 de la D\u00e9centralisation et du D\u00e9veloppement Local, par Int\u00e9rim, Ministre de l\u2019Int\u00e9rieur, de la Promotion de la D\u00e9centralisation et du D\u00e9veloppement Local , a pr\u00e9sent\u00e9 une communication relative \u00e0 la situation int\u00e9rieure.<\/p>\n<p>Le Ministre des Affaires Islamiques et de l\u2019Enseignement Originel a pr\u00e9sent\u00e9 les deux communications suivantes :<\/p>\n<p>\u2010 Communication pr\u00e9sentant les r\u00e9sultats du diagnostic du Secteur des Affaires Islamiques et de l\u2019Enseignement Originel.<\/p>\n<p>Le pr\u00e9sent diagnostic a pour but d\u2019effectuer une \u00e9valuation analytique et critique de la situation actuelle du secteur, et vise \u00e0 identifier de mani\u00e8re exhaustive ses forces structurelles et ses faiblesses op\u00e9rationnelles, ainsi que les facteurs organisationnels qui entravent la pleine performance du D\u00e9partement. Ce diagnostic d\u00e9bouche sur des recommandations pratiques et des orientations strat\u00e9giques destin\u00e9es \u00e0 moderniser la gouvernance du secteur et \u00e0 impulser une nouvelle dynamique dans tous ses domaines d\u2019intervention.<\/p>\n<p>L\u2019analyse a port\u00e9 sur les volets suivants : (a) les missions et responsabilit\u00e9s du secteur ; (b) la performance du secteur ; (c) l\u2019organisation du p\u00e8lerinage (Hajj) ; et (d) la structure organisationnelle du Minist\u00e8re.<\/p>\n<p>Enfin, il convient de souligner que cette vision r\u00e9formatrice repr\u00e9sente une feuille de route claire pour transformer le secteur d\u2019un simple gestionnaire des affaires courantes en un acteur v\u00e9ritable du d\u00e9veloppement int\u00e9gr\u00e9. Elle vise \u00e0 lui permettre de remplir pleinement son r\u00f4le de garant de l\u2019identit\u00e9 nationale, de levier pour la s\u00e9curit\u00e9 spirituelle et de contributeur effectif au d\u00e9veloppement humain durable.<\/p>\n<p>\u2010 Communication relative \u00e0 l\u2019organisation du p\u00e8lerinage pour l\u2019ann\u00e9e1447 \/2026JC.<\/p>\n<p>Cette communication pr\u00e9sente une proposition concernant la pr\u00e9paration et l\u2019organisation de la saison du Hajj 1447 \/ 2026.<\/p>\n<p>Cette proposition englobe les phases de pr\u00e9paration et de mise en \u0153uvre, les questions administratives et financi\u00e8res et les m\u00e9canismes d\u2019encadrement du processus du Hajj.<\/p>\n<p>L\u2019organisation du Hajj, bien qu\u2019elle soit de par sa nature et son ampleur une op\u00e9ration complexe, malgr\u00e9 les am\u00e9liorations apport\u00e9es \u00e0 l\u2019ensemble du processus, il a toujours fallu chercher \u00e0 trouver des solutions \u00e0 certains des probl\u00e8mes susmentionn\u00e9s, ou du moins d\u2019en att\u00e9nuer l\u2019impact et d\u2019arriver \u00e0 d\u00e9velopper des m\u00e9canismes organisationnels du Hajj. Dans ce contexte, les mesures suivantes ont \u00e9t\u00e9 adopt\u00e9es :<\/p>\n<p>\u2010 Num\u00e9risation compl\u00e8te du processus du Hajj 2026, avec un syst\u00e8me reli\u00e9 num\u00e9riquement \u00e0 la plateforme Khadamati. Les p\u00e8lerins pourront ainsi acc\u00e9der \u00e0 leurs informations, verser les montants dus au Tr\u00e9sor, authentifier leurs engagements, faire photocopier leur passeport et t\u00e9l\u00e9charger leur visa depuis la plateforme.<\/p>\n<p>\u2010 R\u00e9duction g\u00e9n\u00e9rale des co\u00fbts : dans ce contexte, des efforts seront d\u00e9ploy\u00e9s pour tirer parti de la multiplication des \u00e9tablissements de Tawaf et de la concurrence encourag\u00e9e par les autorit\u00e9s saoudiennes entre ces \u00e9tablissements. Il en r\u00e9sultera une r\u00e9duction de prix comp\u00e9titive de 864 riyals, soit environ 22 % du prix pr\u00e9c\u00e9dent, aupr\u00e8s du m\u00eame \u00e9tablissement qui assure ce service depuis la cr\u00e9ation du Hajj dans le pays. Pour la m\u00eame raison, les co\u00fbts de transport sur place ont \u00e9galement diminu\u00e9 de 86,75 riyals, soit environ 6 % du co\u00fbt du contrat de transport.<\/p>\n<p>Tenant compte de ces donn\u00e9es, le co\u00fbt total du Hajj cette ann\u00e9e a diminu\u00e9 de 7.627 MRU, selon les taux de change des deux principales devises (dollar am\u00e9ricain et riyal saoudien), qui sont respectivement de 40,2 et 10,8 MRU<\/p>\n<p>Il est propos\u00e9, \u00e0 titre urgent, de d\u00e9marrer t\u00f4t la saison du Hajj dans les ann\u00e9es \u00e0 venir. Cela va pouvoir garantir le respect du calendrier fix\u00e9 par les autorit\u00e9s du Hajj, qui exige que les pr\u00e9paratifs de la saison d\u00e9butent imm\u00e9diatement apr\u00e8s la fin de la pr\u00e9c\u00e9dente.<br \/>\nAmi<\/p>\n","protected":false},"excerpt":{"rendered":"<p>Le Conseil des Ministres s\u2019est r\u00e9uni, mercredi au Palais pr\u00e9sidentiel \u00e0 Nouakchott, sous la Pr\u00e9sidence de Son Excellence Monsieur Mohamed OULD CHEIKH EL-GHAZOUANI, Pr\u00e9sident de la R\u00e9publique. Le Conseil a examin\u00e9 et adopt\u00e9 les projets de textes suivants : \u2013 Projet de d\u00e9cret portant cr\u00e9ation, organisation et fonctionnement d\u2019un Etablissement Public \u00e0 caract\u00e8re Administratif, d\u00e9nomm\u00e9 &hellip;<\/p>\n","protected":false},"author":2,"featured_media":19707,"comment_status":"open","ping_status":"open","sticky":false,"template":"","format":"standard","meta":{"footnotes":""},"categories":[18,31],"tags":[],"class_list":["post-19706","post","type-post","status-publish","format-standard","has-post-thumbnail","hentry","category-actualites","category-politique-et-reportages"],"_links":{"self":[{"href":"https:\/\/ladepeche.mr\/index.php?rest_route=\/wp\/v2\/posts\/19706","targetHints":{"allow":["GET"]}}],"collection":[{"href":"https:\/\/ladepeche.mr\/index.php?rest_route=\/wp\/v2\/posts"}],"about":[{"href":"https:\/\/ladepeche.mr\/index.php?rest_route=\/wp\/v2\/types\/post"}],"author":[{"embeddable":true,"href":"https:\/\/ladepeche.mr\/index.php?rest_route=\/wp\/v2\/users\/2"}],"replies":[{"embeddable":true,"href":"https:\/\/ladepeche.mr\/index.php?rest_route=%2Fwp%2Fv2%2Fcomments&post=19706"}],"version-history":[{"count":1,"href":"https:\/\/ladepeche.mr\/index.php?rest_route=\/wp\/v2\/posts\/19706\/revisions"}],"predecessor-version":[{"id":19708,"href":"https:\/\/ladepeche.mr\/index.php?rest_route=\/wp\/v2\/posts\/19706\/revisions\/19708"}],"wp:featuredmedia":[{"embeddable":true,"href":"https:\/\/ladepeche.mr\/index.php?rest_route=\/wp\/v2\/media\/19707"}],"wp:attachment":[{"href":"https:\/\/ladepeche.mr\/index.php?rest_route=%2Fwp%2Fv2%2Fmedia&parent=19706"}],"wp:term":[{"taxonomy":"category","embeddable":true,"href":"https:\/\/ladepeche.mr\/index.php?rest_route=%2Fwp%2Fv2%2Fcategories&post=19706"},{"taxonomy":"post_tag","embeddable":true,"href":"https:\/\/ladepeche.mr\/index.php?rest_route=%2Fwp%2Fv2%2Ftags&post=19706"}],"curies":[{"name":"wp","href":"https:\/\/api.w.org\/{rel}","templated":true}]}}