{"id":19709,"date":"2025-12-18T09:00:07","date_gmt":"2025-12-18T09:00:07","guid":{"rendered":"https:\/\/ladepeche.mr\/?p=19709"},"modified":"2025-12-18T09:05:40","modified_gmt":"2025-12-18T09:05:40","slug":"environnement-lespagne-honore-lexpert-environnemental-hamdy-ould-mbareck","status":"publish","type":"post","link":"https:\/\/ladepeche.mr\/?p=19709","title":{"rendered":"Environnement: L\u2019Espagne honore l\u2019expert environnemental Hamdy Ould M\u2019Bareck\u2026"},"content":{"rendered":"<p>L\u2019Espagne honore l\u2019expert environnemental Hamdy Ould M\u2019Bareck pour ses efforts en faveur de la protection de l\u2019environnement marin en Mauritanie<\/p>\n<p>Le minist\u00e8re espagnol de l\u2019Environnement a rendu hommage, cette semaine, \u00e0 l\u2019expert environnemental et militant associatif mauritanien Hamdy Ould M\u2019Bareck, en reconnaissance de ses contributions remarquables \u00e0 la protection de l\u2019environnement marin et de la biodiversit\u00e9 en Mauritanie.<\/p>\n<p>Ce prix met en lumi\u00e8re son r\u00f4le en tant que coordinateur local Plan d&#8217;action pour la sauvegarde des phoques moines (Convention de Bonn), port\u00e9e par l\u2019ONG europ\u00e9enne CBD-Habitat, en partenariat avec les autorit\u00e9s portugaises, espagnoles, marocaines et mauritaniennes.<\/p>\n<p>Cette distinction vient couronner un engagement professionnel de pr\u00e8s de trois d\u00e9cennies, durant lesquelles Hamdy et son \u00e9quipe de l\u2019ONG An-Najah pour l\u2019Environnement ont men\u00e9 des actions pionni\u00e8res : suivi de la r\u00e9serve naturelle des phoques moines au Cap Blanc, promotion de la p\u00eache durable et responsable, ainsi que l\u2019\u00e9ducation environnementale de proximit\u00e9, notamment dans les \u00e9coles de Nouadhibou.<\/p>\n<p>Dans une d\u00e9claration \u00e0 l\u2019Agence ECONEWS MR, Hamdy a soulign\u00e9 que ces efforts sont motiv\u00e9s par \u00ab une conviction personnelle et un amour profond pour notre environnement marin \u00bb, ajoutant qu\u2019ils viennent en compl\u00e9ment des engagements de l\u2019\u00c9tat mauritanien pour la protection de l\u2019environnement, sans recherche de reconnaissance ni de m\u00e9rite.<\/p>\n<p>Aujourd\u2019hui, Hamdy Ould M\u2019Barek est consid\u00e9r\u00e9 comme l\u2019une des principales r\u00e9f\u00e9rences en mati\u00e8re d\u2019\u00e9cologie en Mauritanie et dans la r\u00e9gion africaine, gr\u00e2ce \u00e0 son expertise et sa connaissance de terrain, sa partipations aux \u00e9tudes scientifiques, et sa pr\u00e9sence quasi permanente aux forums r\u00e9gionaux et internationaux sur l\u2019environnement marin.<\/p>\n<p>F\u00e9licitations et bonne continuation.<\/p>\n<p>Par: Babbah Abidine<br \/>\nEconewsMR | Nouadhibou<br \/>\n\u0648\u0643\u0627\u0644\u0629 \u0623\u062e\u0628\u0627\u0631 \u0627\u0644\u0628\u064a\u0626\u0629<\/p>\n<p>https:\/\/www.facebook.com\/share\/p\/1Rg9QQ6StR\/<\/p>\n","protected":false},"excerpt":{"rendered":"<p>L\u2019Espagne honore l\u2019expert environnemental Hamdy Ould M\u2019Bareck pour ses efforts en faveur de la protection de l\u2019environnement marin en Mauritanie Le minist\u00e8re espagnol de l\u2019Environnement a rendu hommage, cette semaine, \u00e0 l\u2019expert environnemental et militant associatif mauritanien Hamdy Ould M\u2019Bareck, en reconnaissance de ses contributions remarquables \u00e0 la protection de l\u2019environnement marin et de la &hellip;<\/p>\n","protected":false},"author":2,"featured_media":19710,"comment_status":"open","ping_status":"open","sticky":false,"template":"","format":"standard","meta":{"footnotes":""},"categories":[1],"tags":[],"class_list":["post-19709","post","type-post","status-publish","format-standard","has-post-thumbnail","hentry","category-uncategorized"],"_links":{"self":[{"href":"https:\/\/ladepeche.mr\/index.php?rest_route=\/wp\/v2\/posts\/19709","targetHints":{"allow":["GET"]}}],"collection":[{"href":"https:\/\/ladepeche.mr\/index.php?rest_route=\/wp\/v2\/posts"}],"about":[{"href":"https:\/\/ladepeche.mr\/index.php?rest_route=\/wp\/v2\/types\/post"}],"author":[{"embeddable":true,"href":"https:\/\/ladepeche.mr\/index.php?rest_route=\/wp\/v2\/users\/2"}],"replies":[{"embeddable":true,"href":"https:\/\/ladepeche.mr\/index.php?rest_route=%2Fwp%2Fv2%2Fcomments&post=19709"}],"version-history":[{"count":1,"href":"https:\/\/ladepeche.mr\/index.php?rest_route=\/wp\/v2\/posts\/19709\/revisions"}],"predecessor-version":[{"id":19711,"href":"https:\/\/ladepeche.mr\/index.php?rest_route=\/wp\/v2\/posts\/19709\/revisions\/19711"}],"wp:featuredmedia":[{"embeddable":true,"href":"https:\/\/ladepeche.mr\/index.php?rest_route=\/wp\/v2\/media\/19710"}],"wp:attachment":[{"href":"https:\/\/ladepeche.mr\/index.php?rest_route=%2Fwp%2Fv2%2Fmedia&parent=19709"}],"wp:term":[{"taxonomy":"category","embeddable":true,"href":"https:\/\/ladepeche.mr\/index.php?rest_route=%2Fwp%2Fv2%2Fcategories&post=19709"},{"taxonomy":"post_tag","embeddable":true,"href":"https:\/\/ladepeche.mr\/index.php?rest_route=%2Fwp%2Fv2%2Ftags&post=19709"}],"curies":[{"name":"wp","href":"https:\/\/api.w.org\/{rel}","templated":true}]}}