{"id":19734,"date":"2025-12-18T13:30:47","date_gmt":"2025-12-18T13:30:47","guid":{"rendered":"https:\/\/ladepeche.mr\/?p=19734"},"modified":"2025-12-18T13:17:25","modified_gmt":"2025-12-18T13:17:25","slug":"letat-invite-a-venir-au-secours-des-pecheurs-de-la-langue-de-barbarie-etablis-en-mauritanie","status":"publish","type":"post","link":"https:\/\/ladepeche.mr\/?p=19734","title":{"rendered":"L\u2019\u00c9tat invit\u00e9 \u00e0 venir au secours des p\u00eacheurs de la Langue de Barbarie \u00e9tablis en Mauritanie"},"content":{"rendered":"<p>Le Collectif des p\u00eacheurs de la Langue de Barbarie r\u00e9sidant \u00e0 Nouadhibou en Mauritanie a sollicit\u00e9 le soutien et l\u2019aide des autorit\u00e9s \u00e9tatiques face \u00e0 de multiples \u201ctracasseries\u201d auxquelles ils seraient confront\u00e9s dans ce pays frontalier.<\/p>\n<p>\u2018\u2019Nos parents sont en train de souffrir en Mauritanie. Nous demandons de l\u2019aide des autorit\u00e9s s\u00e9n\u00e9galaises pour qu\u2019elles puissent parler avec les autorit\u00e9s mauritaniennes\u2019\u2019, a d\u00e9clar\u00e9 au cours d\u2019une conf\u00e9rence de presse le repr\u00e9sentant des p\u00eacheurs s\u00e9n\u00e9galais \u00e0 Nouadhibou, Baye Boli Fall.<\/p>\n<p>Il a \u00e9galement soulign\u00e9 quelques difficult\u00e9s li\u00e9es \u00e0 l\u2019obtention des documents administratifs dans cette ville, notamment la carte de s\u00e9jour.<\/p>\n<p>\u2018\u2019Nous interpelons les autorit\u00e9s \u00e9tatiques, notamment le pr\u00e9sident de la R\u00e9publique et son Premier ministre. On n\u2019est pas en mesure de r\u00e9gler cette situation, seul l\u2019\u00c9tat a les moyens de le [faire]\u2019\u2019, a dit le porte-parole de la section de l\u2019Union r\u00e9gionale des p\u00eacheurs artisanaux de Saint-Louis (URPAS) \u00e0 Nouadhibou, Mane S\u00e8ne.<\/p>\n<p>Il a rappel\u00e9 les \u201cbonnes relations diplomatiques\u201d qui ont toujours exist\u00e9 depuis longtemps entre les deux pays fr\u00e8res, le S\u00e9n\u00e9gal et la Mauritanie.<br \/>\nAPS<\/p>\n","protected":false},"excerpt":{"rendered":"<p>Le Collectif des p\u00eacheurs de la Langue de Barbarie r\u00e9sidant \u00e0 Nouadhibou en Mauritanie a sollicit\u00e9 le soutien et l\u2019aide des autorit\u00e9s \u00e9tatiques face \u00e0 de multiples \u201ctracasseries\u201d auxquelles ils seraient confront\u00e9s dans ce pays frontalier. \u2018\u2019Nos parents sont en train de souffrir en Mauritanie. Nous demandons de l\u2019aide des autorit\u00e9s s\u00e9n\u00e9galaises pour qu\u2019elles puissent &hellip;<\/p>\n","protected":false},"author":2,"featured_media":19735,"comment_status":"open","ping_status":"open","sticky":false,"template":"","format":"standard","meta":{"footnotes":""},"categories":[18,29],"tags":[],"class_list":["post-19734","post","type-post","status-publish","format-standard","has-post-thumbnail","hentry","category-actualites","category-monde"],"_links":{"self":[{"href":"https:\/\/ladepeche.mr\/index.php?rest_route=\/wp\/v2\/posts\/19734","targetHints":{"allow":["GET"]}}],"collection":[{"href":"https:\/\/ladepeche.mr\/index.php?rest_route=\/wp\/v2\/posts"}],"about":[{"href":"https:\/\/ladepeche.mr\/index.php?rest_route=\/wp\/v2\/types\/post"}],"author":[{"embeddable":true,"href":"https:\/\/ladepeche.mr\/index.php?rest_route=\/wp\/v2\/users\/2"}],"replies":[{"embeddable":true,"href":"https:\/\/ladepeche.mr\/index.php?rest_route=%2Fwp%2Fv2%2Fcomments&post=19734"}],"version-history":[{"count":1,"href":"https:\/\/ladepeche.mr\/index.php?rest_route=\/wp\/v2\/posts\/19734\/revisions"}],"predecessor-version":[{"id":19736,"href":"https:\/\/ladepeche.mr\/index.php?rest_route=\/wp\/v2\/posts\/19734\/revisions\/19736"}],"wp:featuredmedia":[{"embeddable":true,"href":"https:\/\/ladepeche.mr\/index.php?rest_route=\/wp\/v2\/media\/19735"}],"wp:attachment":[{"href":"https:\/\/ladepeche.mr\/index.php?rest_route=%2Fwp%2Fv2%2Fmedia&parent=19734"}],"wp:term":[{"taxonomy":"category","embeddable":true,"href":"https:\/\/ladepeche.mr\/index.php?rest_route=%2Fwp%2Fv2%2Fcategories&post=19734"},{"taxonomy":"post_tag","embeddable":true,"href":"https:\/\/ladepeche.mr\/index.php?rest_route=%2Fwp%2Fv2%2Ftags&post=19734"}],"curies":[{"name":"wp","href":"https:\/\/api.w.org\/{rel}","templated":true}]}}