{"id":19737,"date":"2025-12-18T14:30:39","date_gmt":"2025-12-18T14:30:39","guid":{"rendered":"https:\/\/ladepeche.mr\/?p=19737"},"modified":"2025-12-18T13:39:10","modified_gmt":"2025-12-18T13:39:10","slug":"terrorisme-cibles-vulnerables-formation-sur-les-cibles-critiques-au-profit-de-responsables-mauritaniens","status":"publish","type":"post","link":"https:\/\/ladepeche.mr\/?p=19737","title":{"rendered":"Terrorisme\/Cibles vuln\u00e9rables: Formation sur les cibles critiques au profit de responsables mauritaniens"},"content":{"rendered":"<p>Une visite d\u2019\u00e9tudes de hauts responsables s\u00e9curitaires mauritaniens a \u00e9t\u00e9 organis\u00e9e en Espagne d\u00e9but d\u00e9cembre 2025 dans le cadre de son Programme mondial de lutte contre les menaces terroristes contre les cibles vuln\u00e9rables, apprend-on de sources concordantes.<br \/>\nCette initiative s\u2019inspire aussi de la feuille de route nationale de la Mauritanie pour la protection des cibles vuln\u00e9rables, d\u00e9velopp\u00e9e en 2024 avec le soutien du Programme mondial de l&#8217;UNOCT, et fait suite \u00e0 des formations sp\u00e9cialis\u00e9es portant sur les installations \u00e9nerg\u00e9tiques, la s\u00e9curit\u00e9 maritime et la cybers\u00e9curit\u00e9. Elle soutient les efforts de la Mauritanie pour renforcer la r\u00e9silience face aux menaces terroristes en \u00e9volution, conform\u00e9ment \u00e0 la Strat\u00e9gie mondiale de lutte contre le terrorisme des Nations Unies et \u00e0 la r\u00e9solution 2341 (2017) du Conseil de s\u00e9curit\u00e9 des Nations Unies.<br \/>\nC\u2019est \u00e0 cet effet que le Bureau des Nations Unies pour la lutte contre le terrorisme (UNOCT) a organis\u00e9 une visite d&#8217;\u00e9tude pour huit hauts responsables s\u00e9curitaires mauritaniens en Espagne, ax\u00e9e sur la protection des infrastructures critiques.<br \/>\nLa visite a eu lieu \u00e0 Madrid et \u00e0 Valence, en coop\u00e9ration avec le Centre national espagnol pour la protection des infrastructures critiques (CNPIC). L&#8217;accent a \u00e9t\u00e9 ax\u00e9 sur le partage des connaissances, des informations et des bonnes pratiques pour prot\u00e9ger les infrastructures critiques contre les menaces terroristes. <\/p>\n<p>Des briefings techniques ont \u00e9t\u00e9 dispens\u00e9s aux responsables mauritaniens par le Centre espagnol de renseignement pour la lutte contre le terrorisme et le crime organis\u00e9 (CITCO) alors que des sessions ont permis de pr\u00e9senter les cadres juridiques, institutionnels et op\u00e9rationnels en Espagne, les m\u00e9thodologies d&#8217;\u00e9valuation des risques, les strat\u00e9gies de r\u00e9silience et les mod\u00e8les de partenariats public-priv\u00e9 efficaces.<br \/>\nEnfin de parcours de cette formation, les responsables s\u00e9curitaires mauritaniens ont aussi visit\u00e9 des infrastructures critiques, en Espagne, telles que la station de contr\u00f4le des eaux du Canal d&#8217;Isabel II et le centre de contr\u00f4le du tunnel Calle 30 de Madrid, o\u00f9 les participants ont observ\u00e9 les syst\u00e8mes de gestion de la s\u00e9curit\u00e9 et les m\u00e9canismes de coordination avec les autorit\u00e9s locales. \u00c0 Valence, la d\u00e9l\u00e9gation a visit\u00e9 l&#8217;Autorit\u00e9 portuaire pour examiner les mesures de s\u00e9curit\u00e9 portuaire, y compris les protocoles de gestion de crise et de r\u00e9ponse aux incidents, ainsi que les syst\u00e8mes de protection cybern\u00e9tique et logistique.<\/p>\n","protected":false},"excerpt":{"rendered":"<p>Une visite d\u2019\u00e9tudes de hauts responsables s\u00e9curitaires mauritaniens a \u00e9t\u00e9 organis\u00e9e en Espagne d\u00e9but d\u00e9cembre 2025 dans le cadre de son Programme mondial de lutte contre les menaces terroristes contre les cibles vuln\u00e9rables, apprend-on de sources concordantes. Cette initiative s\u2019inspire aussi de la feuille de route nationale de la Mauritanie pour la protection des cibles &hellip;<\/p>\n","protected":false},"author":2,"featured_media":19738,"comment_status":"open","ping_status":"open","sticky":false,"template":"","format":"standard","meta":{"footnotes":""},"categories":[18],"tags":[],"class_list":["post-19737","post","type-post","status-publish","format-standard","has-post-thumbnail","hentry","category-actualites"],"_links":{"self":[{"href":"https:\/\/ladepeche.mr\/index.php?rest_route=\/wp\/v2\/posts\/19737","targetHints":{"allow":["GET"]}}],"collection":[{"href":"https:\/\/ladepeche.mr\/index.php?rest_route=\/wp\/v2\/posts"}],"about":[{"href":"https:\/\/ladepeche.mr\/index.php?rest_route=\/wp\/v2\/types\/post"}],"author":[{"embeddable":true,"href":"https:\/\/ladepeche.mr\/index.php?rest_route=\/wp\/v2\/users\/2"}],"replies":[{"embeddable":true,"href":"https:\/\/ladepeche.mr\/index.php?rest_route=%2Fwp%2Fv2%2Fcomments&post=19737"}],"version-history":[{"count":1,"href":"https:\/\/ladepeche.mr\/index.php?rest_route=\/wp\/v2\/posts\/19737\/revisions"}],"predecessor-version":[{"id":19739,"href":"https:\/\/ladepeche.mr\/index.php?rest_route=\/wp\/v2\/posts\/19737\/revisions\/19739"}],"wp:featuredmedia":[{"embeddable":true,"href":"https:\/\/ladepeche.mr\/index.php?rest_route=\/wp\/v2\/media\/19738"}],"wp:attachment":[{"href":"https:\/\/ladepeche.mr\/index.php?rest_route=%2Fwp%2Fv2%2Fmedia&parent=19737"}],"wp:term":[{"taxonomy":"category","embeddable":true,"href":"https:\/\/ladepeche.mr\/index.php?rest_route=%2Fwp%2Fv2%2Fcategories&post=19737"},{"taxonomy":"post_tag","embeddable":true,"href":"https:\/\/ladepeche.mr\/index.php?rest_route=%2Fwp%2Fv2%2Ftags&post=19737"}],"curies":[{"name":"wp","href":"https:\/\/api.w.org\/{rel}","templated":true}]}}