{"id":19746,"date":"2025-12-19T17:59:59","date_gmt":"2025-12-19T17:59:59","guid":{"rendered":"https:\/\/ladepeche.mr\/?p=19746"},"modified":"2025-12-19T17:59:59","modified_gmt":"2025-12-19T17:59:59","slug":"football-le-maroc-en-liesse-apres-le-sacre-en-coupe-arabe","status":"publish","type":"post","link":"https:\/\/ladepeche.mr\/?p=19746","title":{"rendered":"Football : le Maroc en liesse apr\u00e8s le sacre en Coupe arabe"},"content":{"rendered":"<p>Apr\u00e8s le Championnat d\u2019Afrique des Nations en ao\u00fbt dernier, puis le Mondial des moins de 20 ans en octobre, les Lions de l\u2019Atlas remportent cette fois la Coupe Arabe<\/p>\n<p>Ce jeudi soir, l\u2019Avenue Mohamed V \u00e0 Rabat s\u2019est transform\u00e9e en une mer de rouge et de vert.<\/p>\n<p>Des centaines de supporters marocains, fous de joie, ont envahi les rues pour c\u00e9l\u00e9brer un nouveau titre historique de leur \u00e9quipe nationale. Apr\u00e8s le Championnat d\u2019Afrique des Nations en ao\u00fbt et le Mondial des moins de 20 ans en octobre, les Lions de l\u2019Atlas ajoutent une nouvelle ligne \u00e0 leur palmar\u00e8s : la Coupe Arabe.<\/p>\n<p>\u00c0 des milliers de kilom\u00e8tres de Doha, o\u00f9 se jouait la finale, les caf\u00e9s de Rabat affichaient complet. Les supporters, mass\u00e9s devant les \u00e9crans, ont v\u00e9cu une finale haletante face \u00e0 la Jordanie. Men\u00e9s apr\u00e8s avoir ouvert le score, les Marocains ont vu leur \u00e9quipe se faire surprendre par deux buts jordaniens en seconde p\u00e9riode. Mais la foi des fans n\u2019a jamais faibli, comme en t\u00e9moigne Omar, un supporter : \u00ab C\u2019est une immense fiert\u00e9, une joie collective. Aujourd\u2019hui, tout le monde est heureux. \u00bb<\/p>\n<p>La tension \u00e9tait \u00e0 son comble jusqu\u2019\u00e0 la 89\u1d49 minute, quand l\u2019\u00e9galisation est enfin tomb\u00e9e. Puis, en prolongation, Abderrazak Hamdallah a scell\u00e9 la victoire (3-2), d\u00e9clenchant des sc\u00e8nes d\u2019all\u00e9gresse indescriptibles. \u00ab On a eu peur, mais on a toujours cru en l\u2019\u00e9quipe et en notre coach \u00bb, confie un supporter, encore sous le choc. \u00ab Le Maroc a m\u00e9rit\u00e9 cette victoire ! \u00bb, s\u2019exclame un autre, tandis que Meryem souligne : \u00ab C\u2019est le fruit des efforts des joueurs, des entra\u00eeneurs, et du soutien inconditionnel du peuple marocain. \u00bb<\/p>\n<p>Cette victoire tombe \u00e0 point nomm\u00e9, \u00e0 quelques jours du coup d\u2019envoi de la Coupe d\u2019Afrique des Nations, qui d\u00e9butera dimanche \u00e0 Rabat. \u00ab Apr\u00e8s cette Coupe Arabe, place \u00e0 la CAN ! \u00bb, lance un fan, d\u00e9j\u00e0 tourn\u00e9 vers le prochain d\u00e9fi. Dans les rues, les chants et les drapeaux flottent encore, port\u00e9s par une ambiance \u00e9lectrique.<br \/>\nhttps:\/\/www.msn.com\/fr-xl\/actualite\/afrique\/football-le-maroc-en-liesse-apr%C3%A8s-le-sacre-en-coupe-arabe\/ar-AA1SE44q?ocid=msedgntp&#038;pc=U531&#038;cvid=6945850179fe4bd78bd175ed412679fd&#038;ei=36<\/p>\n","protected":false},"excerpt":{"rendered":"<p>Apr\u00e8s le Championnat d\u2019Afrique des Nations en ao\u00fbt dernier, puis le Mondial des moins de 20 ans en octobre, les Lions de l\u2019Atlas remportent cette fois la Coupe Arabe Ce jeudi soir, l\u2019Avenue Mohamed V \u00e0 Rabat s\u2019est transform\u00e9e en une mer de rouge et de vert. Des centaines de supporters marocains, fous de joie, &hellip;<\/p>\n","protected":false},"author":2,"featured_media":19747,"comment_status":"open","ping_status":"open","sticky":false,"template":"","format":"standard","meta":{"footnotes":""},"categories":[18,29],"tags":[],"class_list":["post-19746","post","type-post","status-publish","format-standard","has-post-thumbnail","hentry","category-actualites","category-monde"],"_links":{"self":[{"href":"https:\/\/ladepeche.mr\/index.php?rest_route=\/wp\/v2\/posts\/19746","targetHints":{"allow":["GET"]}}],"collection":[{"href":"https:\/\/ladepeche.mr\/index.php?rest_route=\/wp\/v2\/posts"}],"about":[{"href":"https:\/\/ladepeche.mr\/index.php?rest_route=\/wp\/v2\/types\/post"}],"author":[{"embeddable":true,"href":"https:\/\/ladepeche.mr\/index.php?rest_route=\/wp\/v2\/users\/2"}],"replies":[{"embeddable":true,"href":"https:\/\/ladepeche.mr\/index.php?rest_route=%2Fwp%2Fv2%2Fcomments&post=19746"}],"version-history":[{"count":1,"href":"https:\/\/ladepeche.mr\/index.php?rest_route=\/wp\/v2\/posts\/19746\/revisions"}],"predecessor-version":[{"id":19748,"href":"https:\/\/ladepeche.mr\/index.php?rest_route=\/wp\/v2\/posts\/19746\/revisions\/19748"}],"wp:featuredmedia":[{"embeddable":true,"href":"https:\/\/ladepeche.mr\/index.php?rest_route=\/wp\/v2\/media\/19747"}],"wp:attachment":[{"href":"https:\/\/ladepeche.mr\/index.php?rest_route=%2Fwp%2Fv2%2Fmedia&parent=19746"}],"wp:term":[{"taxonomy":"category","embeddable":true,"href":"https:\/\/ladepeche.mr\/index.php?rest_route=%2Fwp%2Fv2%2Fcategories&post=19746"},{"taxonomy":"post_tag","embeddable":true,"href":"https:\/\/ladepeche.mr\/index.php?rest_route=%2Fwp%2Fv2%2Ftags&post=19746"}],"curies":[{"name":"wp","href":"https:\/\/api.w.org\/{rel}","templated":true}]}}