{"id":19749,"date":"2025-12-19T18:03:50","date_gmt":"2025-12-19T18:03:50","guid":{"rendered":"https:\/\/ladepeche.mr\/?p=19749"},"modified":"2025-12-19T18:03:50","modified_gmt":"2025-12-19T18:03:50","slug":"le-president-de-la-republique-supervise-le-lancement-des-journees-nationales-de-lartisanat","status":"publish","type":"post","link":"https:\/\/ladepeche.mr\/?p=19749","title":{"rendered":"Le Pr\u00e9sident de la R\u00e9publique supervise le lancement des Journ\u00e9es nationales de l\u2019artisanat"},"content":{"rendered":"<p>Son Excellence le Pr\u00e9sident de la R\u00e9publique, Monsieur Mohamed Ould Cheikh El Ghazouani, a supervis\u00e9, vendredi \u00e0 Ouadane, le lancement des Journ\u00e9es nationales de l\u2019artisanat traditionnel.<\/p>\n<p>Ces journ\u00e9es offrent l\u2019opportunit\u00e9 d\u2019explorer le d\u00e9veloppement du secteur de l\u2019artisanat, \u00e0 travers deux pavillons, l\u2019un pr\u00e9sentant 120 produits des diff\u00e9rentes branches artisanales de toutes les wilayas du pays, tandis que le second est d\u00e9di\u00e9 aux produits modernes.<\/p>\n<p>Ces journ\u00e9es visent \u00e0 mettre en lumi\u00e8re la capacit\u00e9 des artisans traditionnels \u00e0 ma\u00eetriser les comp\u00e9tences de leurs p\u00e8res et grands-p\u00e8res, tout en les utilisant pour produire des biens modernes de grande valeur patrimoniale.<\/p>\n<p>Le ministre de la Formation Professionnelle, de l\u2019Artisanat et des M\u00e9tiers, M. Mohamed Malainine Ould Eyih, a dit \u00eatre heureuc de partager avec les habitants de la ville de Ouadane la joie d\u2019accueillir Son Excellence le Pr\u00e9sident de la R\u00e9publique, Monsieur Mohamed Ould Cheikh El Ghazouani, dans cette ville choisie pour lancer l\u2019appel historique de Ouadane, marquant le d\u00e9passement des mentalit\u00e9s obsol\u00e8tes et le rejet des comportements entravant les valeurs de justice et d\u2019\u00e9galit\u00e9, en prouvant la v\u00e9ritable valeur que l\u2019\u00eatre humain acquiert par son travail et sa participation \u00e0 la construction de l\u2019\u00c9tat et de la soci\u00e9t\u00e9.<\/p>\n<p>Il a ajout\u00e9 que le premier mandat de Son Excellence le Pr\u00e9sident de la R\u00e9publique a vu un nouveau d\u00e9part pour le secteur de l\u2019artisanat, avec l\u2019adoption d\u2019une strat\u00e9gie nationale pour le d\u00e9veloppement du secteur \u00e0 travers la r\u00e9novation de ses structures, la participation r\u00e9guli\u00e8re des artisans aux expositions nationales et internationales, et le lancement d\u2019un grand projet de construction d\u2019un village artisanal \u00e0 Nouakchott.<\/p>\n<p>M. le ministre a soulign\u00e9 que le secteur de l\u2019artisanat travaille actuellement \u00e0 la pr\u00e9sentation d\u2019un d\u00e9cret pour la cr\u00e9ation d\u2019une agence nationale de l\u2019artisanat qui sera un outil pour mobiliser les diff\u00e9rentes formes de soutien \u00e0 cet important secteur \u00e9conomique, en termes d\u2019encadrement, de formation et de financement, pr\u00e9cisant que ces journ\u00e9es ne sont pas seulement une exposition, mais aussi un espace de pr\u00e9sentation et d\u2019\u00e9ducation, une plateforme de dialogue et d\u2019\u00e9laboration de visions, et un point de rencontre entre les politiques publiques et les exp\u00e9riences de terrain.<\/p>\n<p>Les activit\u00e9s de lancement de ces journ\u00e9es se sont d\u00e9roul\u00e9es en pr\u00e9sence du ministre secr\u00e9taire g\u00e9n\u00e9ral de la Pr\u00e9sidence de la R\u00e9publique, du ministre charg\u00e9 de cabinet du Pr\u00e9sident de la R\u00e9publique, de la ministre conseill\u00e8re \u00e0 la Pr\u00e9sidence de la R\u00e9publique, du ministre de la Culture, des Arts, de la Communication et des Relations avec le Parlement, Porte-parole du gouvernement, du wali de l\u2019Adrar, du pr\u00e9sident de la r\u00e9gion, du hakem de Ouadane et du maire de la commune.<\/p>\n<p>Ami<\/p>\n","protected":false},"excerpt":{"rendered":"<p>Son Excellence le Pr\u00e9sident de la R\u00e9publique, Monsieur Mohamed Ould Cheikh El Ghazouani, a supervis\u00e9, vendredi \u00e0 Ouadane, le lancement des Journ\u00e9es nationales de l\u2019artisanat traditionnel. Ces journ\u00e9es offrent l\u2019opportunit\u00e9 d\u2019explorer le d\u00e9veloppement du secteur de l\u2019artisanat, \u00e0 travers deux pavillons, l\u2019un pr\u00e9sentant 120 produits des diff\u00e9rentes branches artisanales de toutes les wilayas du pays, &hellip;<\/p>\n","protected":false},"author":2,"featured_media":19750,"comment_status":"open","ping_status":"open","sticky":false,"template":"","format":"standard","meta":{"footnotes":""},"categories":[18,15],"tags":[],"class_list":["post-19749","post","type-post","status-publish","format-standard","has-post-thumbnail","hentry","category-actualites","category-culture"],"_links":{"self":[{"href":"https:\/\/ladepeche.mr\/index.php?rest_route=\/wp\/v2\/posts\/19749","targetHints":{"allow":["GET"]}}],"collection":[{"href":"https:\/\/ladepeche.mr\/index.php?rest_route=\/wp\/v2\/posts"}],"about":[{"href":"https:\/\/ladepeche.mr\/index.php?rest_route=\/wp\/v2\/types\/post"}],"author":[{"embeddable":true,"href":"https:\/\/ladepeche.mr\/index.php?rest_route=\/wp\/v2\/users\/2"}],"replies":[{"embeddable":true,"href":"https:\/\/ladepeche.mr\/index.php?rest_route=%2Fwp%2Fv2%2Fcomments&post=19749"}],"version-history":[{"count":1,"href":"https:\/\/ladepeche.mr\/index.php?rest_route=\/wp\/v2\/posts\/19749\/revisions"}],"predecessor-version":[{"id":19751,"href":"https:\/\/ladepeche.mr\/index.php?rest_route=\/wp\/v2\/posts\/19749\/revisions\/19751"}],"wp:featuredmedia":[{"embeddable":true,"href":"https:\/\/ladepeche.mr\/index.php?rest_route=\/wp\/v2\/media\/19750"}],"wp:attachment":[{"href":"https:\/\/ladepeche.mr\/index.php?rest_route=%2Fwp%2Fv2%2Fmedia&parent=19749"}],"wp:term":[{"taxonomy":"category","embeddable":true,"href":"https:\/\/ladepeche.mr\/index.php?rest_route=%2Fwp%2Fv2%2Fcategories&post=19749"},{"taxonomy":"post_tag","embeddable":true,"href":"https:\/\/ladepeche.mr\/index.php?rest_route=%2Fwp%2Fv2%2Ftags&post=19749"}],"curies":[{"name":"wp","href":"https:\/\/api.w.org\/{rel}","templated":true}]}}