{"id":19752,"date":"2025-12-19T18:42:58","date_gmt":"2025-12-19T18:42:58","guid":{"rendered":"https:\/\/ladepeche.mr\/?p=19752"},"modified":"2025-12-19T18:43:25","modified_gmt":"2025-12-19T18:43:25","slug":"politique-bdam-et-les-soutiens-de-aziz-se-concertent-et-rejettent-loffre-de-dialogue","status":"publish","type":"post","link":"https:\/\/ladepeche.mr\/?p=19752","title":{"rendered":"Politique : Bda et les soutiens de Aziz se concertent et rejettent l&#8217;offre de dialogue"},"content":{"rendered":"<p>Plusieurs personnalit\u00e9s issues de l\u2019opposition dite radicale au r\u00e9gime du pr\u00e9sident Ghazouani se sont retrouv\u00e9es \u00e0 l\u2019invitation du d\u00e9put\u00e9 et pr\u00e9sident de l\u2019Ira-Mauritanie, Biram Dah Abeid, pour initier une concertation politique, ont-ils officiellement annonc\u00e9.<br \/>\nDans diff\u00e9rentes d\u00e9clarations ce groupe de l\u2019opposition indique faire le m\u00eame constat que la situation du pays est \u00ab d\u00e9plorable et qu\u2019elle m\u00e9nacerait m\u00eame sa survie \u00bb.<br \/>\nCe regroupe compos\u00e9 de militants d\u2019Ira-Mauritanie et des principales personnalit\u00e9s qui soutiennent encore l\u2019ancien pr\u00e9sident Mohamed Ould Abdelaziz, dit appeler les mauritaniens dans leur ensemble \u00e0 rejoindre leur action pour \u00ab sauver le pays \u00bb d\u2019une d\u00e9rive certaine. Les intervenants qui sortaient d\u2019une rencontre organis\u00e9e chez Biram Dah Abeid disent \u00ab faire porter la responsabilit\u00e9 \u00bb de la situation actuelle du pays au pr\u00e9sident Ghazouani.<br \/>\nLe d\u00e9put\u00e9 Biram Dah Abeid en a profit\u00e9 pour rappeler son boycott du \u00ab dialogue fictif \u00bb que le r\u00e9gime devrait organiser incessamment.<br \/>\nRappelons qu\u2019une offre de dialogue avait \u00e9t\u00e9 lanc\u00e9e depuis sept mois maintenant par le pr\u00e9sident Ghazouani en direction des partis politiques pour trouver des solutions consensuelles aux d\u00e9fis auxquels reste confront\u00e9 le pays.<\/p>\n","protected":false},"excerpt":{"rendered":"<p>Plusieurs personnalit\u00e9s issues de l\u2019opposition dite radicale au r\u00e9gime du pr\u00e9sident Ghazouani se sont retrouv\u00e9es \u00e0 l\u2019invitation du d\u00e9put\u00e9 et pr\u00e9sident de l\u2019Ira-Mauritanie, Biram Dah Abeid, pour initier une concertation politique, ont-ils officiellement annonc\u00e9. Dans diff\u00e9rentes d\u00e9clarations ce groupe de l\u2019opposition indique faire le m\u00eame constat que la situation du pays est \u00ab d\u00e9plorable et &hellip;<\/p>\n","protected":false},"author":2,"featured_media":19757,"comment_status":"open","ping_status":"open","sticky":false,"template":"","format":"standard","meta":{"footnotes":""},"categories":[18,31],"tags":[],"class_list":["post-19752","post","type-post","status-publish","format-standard","has-post-thumbnail","hentry","category-actualites","category-politique-et-reportages"],"_links":{"self":[{"href":"https:\/\/ladepeche.mr\/index.php?rest_route=\/wp\/v2\/posts\/19752","targetHints":{"allow":["GET"]}}],"collection":[{"href":"https:\/\/ladepeche.mr\/index.php?rest_route=\/wp\/v2\/posts"}],"about":[{"href":"https:\/\/ladepeche.mr\/index.php?rest_route=\/wp\/v2\/types\/post"}],"author":[{"embeddable":true,"href":"https:\/\/ladepeche.mr\/index.php?rest_route=\/wp\/v2\/users\/2"}],"replies":[{"embeddable":true,"href":"https:\/\/ladepeche.mr\/index.php?rest_route=%2Fwp%2Fv2%2Fcomments&post=19752"}],"version-history":[{"count":2,"href":"https:\/\/ladepeche.mr\/index.php?rest_route=\/wp\/v2\/posts\/19752\/revisions"}],"predecessor-version":[{"id":19758,"href":"https:\/\/ladepeche.mr\/index.php?rest_route=\/wp\/v2\/posts\/19752\/revisions\/19758"}],"wp:featuredmedia":[{"embeddable":true,"href":"https:\/\/ladepeche.mr\/index.php?rest_route=\/wp\/v2\/media\/19757"}],"wp:attachment":[{"href":"https:\/\/ladepeche.mr\/index.php?rest_route=%2Fwp%2Fv2%2Fmedia&parent=19752"}],"wp:term":[{"taxonomy":"category","embeddable":true,"href":"https:\/\/ladepeche.mr\/index.php?rest_route=%2Fwp%2Fv2%2Fcategories&post=19752"},{"taxonomy":"post_tag","embeddable":true,"href":"https:\/\/ladepeche.mr\/index.php?rest_route=%2Fwp%2Fv2%2Ftags&post=19752"}],"curies":[{"name":"wp","href":"https:\/\/api.w.org\/{rel}","templated":true}]}}