{"id":19759,"date":"2025-12-20T17:57:56","date_gmt":"2025-12-20T17:57:56","guid":{"rendered":"https:\/\/ladepeche.mr\/?p=19759"},"modified":"2025-12-20T17:57:56","modified_gmt":"2025-12-20T17:57:56","slug":"des-migrants-bloques-en-mauritanie-apres-un-accord-frontalier-avec-lue-qui-entraine-une-repression","status":"publish","type":"post","link":"https:\/\/ladepeche.mr\/?p=19759","title":{"rendered":"Des migrants bloqu\u00e9s en Mauritanie apr\u00e8s un accord frontalier avec l&#8217;UE qui entra\u00eene une r\u00e9pression"},"content":{"rendered":"<p>Moktar Diallo a quitt\u00e9 le Mali en 2015, r\u00eavant de rejoindre l&#8217;Europe en bateau depuis la Mauritanie jusqu&#8217;aux \u00eeles Canaries espagnoles.<br \/>\nUne d\u00e9cennie plus tard, Diallo se retrouve coinc\u00e9 \u00e0 travailler de longues heures \u00e0 fabriquer des briques dans la capitale c\u00f4ti\u00e8re de la Mauritanie, Nouakchott, tout en essayant d&#8217;\u00e9viter une r\u00e9pression polici\u00e8re qui a r\u00e9duit le flux de pirogues irr\u00e9guli\u00e8res effectuant la travers\u00e9e d&#8217;environ 970 km, pouvant durer jusqu&#8217;\u00e0 huit jours.<\/p>\n<p>Des migrants et des organisations de d\u00e9fense des droits humains signalent une augmentation significative de l&#8217;activit\u00e9 polici\u00e8re en Mauritanie depuis que ce pays d&#8217;Afrique de l&#8217;Ouest a sign\u00e9 un accord avec l&#8217;Union europ\u00e9enne au d\u00e9but de l&#8217;ann\u00e9e derni\u00e8re visant \u00e0 freiner la migration irr\u00e9guli\u00e8re.  <\/p>\n<p>Les forces de s\u00e9curit\u00e9 mauritaniennes ont intercept\u00e9 environ 13 500 bateaux en direction des Canaries depuis le d\u00e9but de 2024 et les arriv\u00e9es sur l&#8217;archipel ont diminu\u00e9 de 59 % en 2025 jusqu&#8217;\u00e0 octobre par rapport \u00e0 l&#8217;ann\u00e9e pr\u00e9c\u00e9dente, selon le minist\u00e8re espagnol de l&#8217;Int\u00e9rieur.<\/p>\n<p>Parall\u00e8lement, les expulsions depuis la Mauritanie ont presque doubl\u00e9 pour atteindre 28 125 personnes au cours des six premiers mois de 2025, contre l&#8217;ensemble de l&#8217;ann\u00e9e 2024, selon des informations fournies \u00e0 Human Rights Watch par le gouvernement mauritanien.  <\/p>\n<p>Diallo indique qu&#8217;une r\u00e9pression polici\u00e8re a commenc\u00e9 apr\u00e8s le Ramadan, fin mars cette ann\u00e9e. Il n&#8217;y a plus de d\u00e9parts de bateaux, dit-il, et de nombreuses personnes qu&#8217;il conna\u00eet ont \u00e9t\u00e9 arr\u00eat\u00e9es et renvoy\u00e9es au Mali. <\/p>\n<p>\u00ab Depuis que la police a commenc\u00e9 \u00e0 refouler les gens, tout va mal \u00bb, d\u00e9clare cet homme de 42 ans.<\/p>\n<p>Les organisations de d\u00e9fense des droits humains affirment que de nombreux migrants sont expuls\u00e9s sans proc\u00e9dure r\u00e9guli\u00e8re, d\u00e9pos\u00e9s avec peu d&#8217;argent aux fronti\u00e8res malienne ou s\u00e9n\u00e9galaise, o\u00f9 les liaisons de transport sont rares.<\/p>\n<p>Les autorit\u00e9s mauritaniennes n&#8217;ont pas r\u00e9pondu aux sollicitations.<\/p>\n<p>L&#8217;UE A PASS\u00c9 DES ACCORDS AVEC LES PAYS DE TRANSIT<\/p>\n<p>La r\u00e9pression fait suite \u00e0 trois visites du Premier ministre espagnol Pedro Sanchez \u00e0 Nouakchott au cours des deux derni\u00e8res ann\u00e9es, apr\u00e8s que les arriv\u00e9es aux Canaries depuis l&#8217;Afrique de l&#8217;Ouest ont atteint un record de 46 843 en 2024 et que la Mauritanie est devenue le principal point de d\u00e9part.<\/p>\n<p>Le nombre de bateaux arrivant de Mauritanie sur un an jusqu&#8217;au 16 d\u00e9cembre a chut\u00e9 de 61 % \u00e0 133 par rapport \u00e0 la m\u00eame p\u00e9riode l&#8217;ann\u00e9e pr\u00e9c\u00e9dente, selon la Croix-Rouge.<\/p>\n<p>L&#8217;accord avec la Mauritanie est un nouvel exemple, aux c\u00f4t\u00e9s de ceux pass\u00e9s avec la Tunisie et l&#8217;\u00c9gypte, d&#8217;une strat\u00e9gie de contr\u00f4le des fronti\u00e8res europ\u00e9ennes depuis les pays de transit.<\/p>\n<p>En contrepartie, la Mauritanie a re\u00e7u un paiement de 210 millions d&#8217;euros (247 millions de dollars) pour g\u00e9rer la migration, une aide humanitaire pour les r\u00e9fugi\u00e9s et pour soutenir l&#8217;emploi et l&#8217;entrepreneuriat, selon la Commission. Il s&#8217;agit de la plus importante contribution financi\u00e8re depuis vingt ans, date \u00e0 laquelle l&#8217;UE et la Mauritanie ont commenc\u00e9 \u00e0 coop\u00e9rer sur la migration.<\/p>\n<p>UN MIGRANT MALIEN TRAVAILLE DE NUIT, PARTAGE UNE CABANE AVEC D&#8217;AUTRES<\/p>\n<p>Diallo travaille quinze jours d&#8217;affil\u00e9e sur un chantier en p\u00e9riph\u00e9rie de Nouakchott. Le jour, lui et trois autres hommes dorment dans une cabane en bois au toit en t\u00f4le ondul\u00e9e, sur des lits faits des briques qu&#8217;ils fabriquent la nuit pour \u00e9viter la chaleur \u00e9touffante. <\/p>\n<p>La police rodant dans les environs, il ne rend visite \u00e0 sa femme et \u00e0 ses trois enfants au centre-ville que lorsqu&#8217;il est escort\u00e9 par son patron mauritanien, explique-t-il.<\/p>\n<p>Il r\u00eave toujours de l&#8217;Europe mais une place sur une petite embarcation vers les Canaries co\u00fbte environ 2 700 dollars, alors qu&#8217;il ne gagne que 5 \u00e0 7 dollars par jour. Retourner au Mali n&#8217;est pas non plus une option, affirme-t-il. <\/p>\n<p>\u00ab Ici, on arrive \u00e0 trouver un peu d&#8217;argent. L\u00e0-bas, il y a des guerres et pas de travail \u00bb, dit-il.  <\/p>\n<p>Le gouvernement malien, dirig\u00e9 par les militaires, combat un groupe jihadiste li\u00e9 \u00e0 al-Qa\u00efda, connu sous le nom de Jama&#8217;at Nusrat al-Islam wal-Muslimin, et certains observateurs craignent qu&#8217;il ne prenne le contr\u00f4le du pays.<\/p>\n<p>La Mauritanie accueille environ 500 000 Maliens, qui, en raison du conflit, constituent d\u00e9sormais le plus grand groupe de migrants, selon Mohamed Lemine Khattary, directeur de l&#8217;Observatoire Atlas-Sahel des migrations.<\/p>\n<p>LES FINANCEMENTS EU RENFORCENT LES FORCES DE S\u00c9CURIT\u00c9 MAURITANIENNES<\/p>\n<p>Lauren Seibert, chercheuse chez Human Rights Watch, indique qu&#8217;une grande partie des fonds europ\u00e9ens a servi \u00e0 renforcer la r\u00e9pression contre les migrants.<\/p>\n<p>\u00ab Quand on ferme les yeux sur les violations des droits commises par ces forces, on paie en fait ces pays pour qu&#8217;ils fassent le sale boulot \u00bb, affirme-t-elle.<\/p>\n<p>Un rapport qu&#8217;elle a r\u00e9dig\u00e9 en ao\u00fbt sur les migrants recense plus de 70 cas de violations des droits humains, dont des passages \u00e0 tabac, des actes de torture et des viols par les forces mauritaniennes.<\/p>\n<p>Les autorit\u00e9s mauritaniennes n&#8217;ont pas r\u00e9pondu aux sollicitations et Reuters n&#8217;a pas pu v\u00e9rifier ces all\u00e9gations de mani\u00e8re ind\u00e9pendante.<\/p>\n<p>Interrog\u00e9e sur ces accusations, la Commission europ\u00e9enne a d\u00e9clar\u00e9 que la protection et le respect des droits humains des migrants, r\u00e9fugi\u00e9s et demandeurs d&#8217;asile constituaient le cour de tous les programmes migratoires de l&#8217;UE.<\/p>\n<p>La Commission surveille ses programmes gr\u00e2ce aux rapports de ses partenaires et \u00e0 des missions de contr\u00f4le sur le terrain, a-t-elle pr\u00e9cis\u00e9.<\/p>\n<p>L&#8217;Espagne compte 40 policiers et gardes civils d\u00e9ploy\u00e9s en Mauritanie, dot\u00e9s de vedettes de patrouille offshore, d&#8217;un h\u00e9licopt\u00e8re, de v\u00e9hicules tout-terrain, d&#8217;un avion de surveillance et d&#8217;un navire hauturier, selon le minist\u00e8re espagnol de l&#8217;Int\u00e9rieur.<\/p>\n<p>Les forces de s\u00e9curit\u00e9 espagnoles ont toujours op\u00e9r\u00e9 \u00ab dans le plein respect des droits humains \u00bb, ajoute-t-il.<\/p>\n<p>DE NOUVELLES ROUTES POURRAIENT \u00c9MERGER<\/p>\n<p>Le Malien Moussa Kolongo affirme qu&#8217;il travaille \u00e0 peine comme chauffeur de taxi auto-rickshaw depuis que la police a commenc\u00e9 \u00e0 r\u00e9primer les migrants. <\/p>\n<p>Il esp\u00e9rait gagner de l&#8217;argent en Mauritanie pour payer une place sur un bateau vers l&#8217;Europe, mais il se retrouve pi\u00e9g\u00e9 sur place, incapable de poursuivre son voyage ou de rentrer chez lui.<\/p>\n<p>\u00ab Ils sont dans les rues tous les jours, ils contr\u00f4lent tout le monde, m\u00eame les r\u00e9fugi\u00e9s \u00bb, d\u00e9clare Kolongo, 38 ans, \u00e0 propos de la police.<\/p>\n<p>Avec les travers\u00e9es depuis la Mauritanie quasiment stopp\u00e9es, Hassan Ould Moctar, ma\u00eetre de conf\u00e9rences en anthropologie de la migration \u00e0 la SOAS University of London, estime que ce n&#8217;est qu&#8217;une question de temps avant que de nouvelles routes, potentiellement plus mortelles, n&#8217;\u00e9mergent.<\/p>\n<p>D\u00e9j\u00e0, des d\u00e9parts de bateaux sont signal\u00e9s depuis la Gambie et la Guin\u00e9e, au sud de la Mauritanie et du S\u00e9n\u00e9gal, pr\u00e9cise-t-il.<\/p>\n<p>Seuls sept bateaux ont atteint les Canaries depuis la Mauritanie au cours des six derniers mois, tandis que 21 sont arriv\u00e9s de Gambie et de Guin\u00e9e, selon les chiffres de la Croix-Rouge.<br \/>\nhttps:\/\/ch.zonebourse.com\/actualite-bourse\/des-migrants-bloques-en-mauritanie-apres-un-accord-frontalier-avec-l-ue-qui-entraine-une-repression-ce7d50dcdb80ff22<\/p>\n","protected":false},"excerpt":{"rendered":"<p>Moktar Diallo a quitt\u00e9 le Mali en 2015, r\u00eavant de rejoindre l&#8217;Europe en bateau depuis la Mauritanie jusqu&#8217;aux \u00eeles Canaries espagnoles. Une d\u00e9cennie plus tard, Diallo se retrouve coinc\u00e9 \u00e0 travailler de longues heures \u00e0 fabriquer des briques dans la capitale c\u00f4ti\u00e8re de la Mauritanie, Nouakchott, tout en essayant d&#8217;\u00e9viter une r\u00e9pression polici\u00e8re qui a &hellip;<\/p>\n","protected":false},"author":2,"featured_media":19760,"comment_status":"open","ping_status":"open","sticky":false,"template":"","format":"standard","meta":{"footnotes":""},"categories":[18,29],"tags":[],"class_list":["post-19759","post","type-post","status-publish","format-standard","has-post-thumbnail","hentry","category-actualites","category-monde"],"_links":{"self":[{"href":"https:\/\/ladepeche.mr\/index.php?rest_route=\/wp\/v2\/posts\/19759","targetHints":{"allow":["GET"]}}],"collection":[{"href":"https:\/\/ladepeche.mr\/index.php?rest_route=\/wp\/v2\/posts"}],"about":[{"href":"https:\/\/ladepeche.mr\/index.php?rest_route=\/wp\/v2\/types\/post"}],"author":[{"embeddable":true,"href":"https:\/\/ladepeche.mr\/index.php?rest_route=\/wp\/v2\/users\/2"}],"replies":[{"embeddable":true,"href":"https:\/\/ladepeche.mr\/index.php?rest_route=%2Fwp%2Fv2%2Fcomments&post=19759"}],"version-history":[{"count":1,"href":"https:\/\/ladepeche.mr\/index.php?rest_route=\/wp\/v2\/posts\/19759\/revisions"}],"predecessor-version":[{"id":19761,"href":"https:\/\/ladepeche.mr\/index.php?rest_route=\/wp\/v2\/posts\/19759\/revisions\/19761"}],"wp:featuredmedia":[{"embeddable":true,"href":"https:\/\/ladepeche.mr\/index.php?rest_route=\/wp\/v2\/media\/19760"}],"wp:attachment":[{"href":"https:\/\/ladepeche.mr\/index.php?rest_route=%2Fwp%2Fv2%2Fmedia&parent=19759"}],"wp:term":[{"taxonomy":"category","embeddable":true,"href":"https:\/\/ladepeche.mr\/index.php?rest_route=%2Fwp%2Fv2%2Fcategories&post=19759"},{"taxonomy":"post_tag","embeddable":true,"href":"https:\/\/ladepeche.mr\/index.php?rest_route=%2Fwp%2Fv2%2Ftags&post=19759"}],"curies":[{"name":"wp","href":"https:\/\/api.w.org\/{rel}","templated":true}]}}