{"id":19765,"date":"2025-12-21T12:29:46","date_gmt":"2025-12-21T12:29:46","guid":{"rendered":"https:\/\/ladepeche.mr\/?p=19765"},"modified":"2025-12-21T12:29:46","modified_gmt":"2025-12-21T12:29:46","slug":"ouadane-2-une-responsabilite-collective-avant-detre-une-decision-de-letat","status":"publish","type":"post","link":"https:\/\/ladepeche.mr\/?p=19765","title":{"rendered":"Ouadane 2 : une responsabilit\u00e9 collective avant d\u2019\u00eatre une d\u00e9cision de l\u2019\u00c9tat"},"content":{"rendered":"<p>L\u2019Organisation El Afiah Mownka exprime son soutien fort et sans \u00e9quivoque aux importantes d\u00e9clarations faites par Son Excellence le Pr\u00e9sident de la R\u00e9publique depuis la ville d\u2019Ouadane, dans le cadre du Festival des Villes du Patrimoine. Ces d\u00e9clarations se distinguent par leur profondeur et leur clart\u00e9 dans le diagnostic des v\u00e9ritables d\u00e9fis auxquels fait face notre soci\u00e9t\u00e9, au premier rang desquels figurent l\u2019enracinement de la citoyennet\u00e9, le renforcement de la coh\u00e9sion sociale et la protection du socle national commun.<\/p>\n<p>L\u2019Organisation souligne que ces d\u00e9clarations rappellent explicitement que les avanc\u00e9es r\u00e9alis\u00e9es pour consolider le lien citoyen et pr\u00e9server la paix sociale, aussi importantes soient-elles, demeurent insuffisantes si elles ne sont pas accompagn\u00e9es d\u2019une transformation profonde des mentalit\u00e9s et des comportements. Une transformation qu\u2019aucun \u00c9tat, \u00e0 lui seul, ne peut accomplir, quels que soient sa volont\u00e9 ou ses moyens.<\/p>\n<p>El Afiah Mownka rappelle \u00e9galement que cet appel n\u2019est pas le premier du genre, mais bien le second lanc\u00e9 par Son Excellence le Pr\u00e9sident de la R\u00e9publique \u00e0 l\u2019ensemble des composantes de la Nation, invitant \u00e0 un dialogue national inclusif et \u00e0 la construction d\u2019un consensus national sinc\u00e8re autour de nos fondements sociaux et de nos valeurs communes, loin de tout ce qui pourrait porter atteinte \u00e0 l\u2019unit\u00e9 nationale ou fragiliser la confiance entre les citoyens.<\/p>\n<p>L\u2019Organisation estime, avec clart\u00e9 et sens des responsabilit\u00e9s, que la plus grande part de cette responsabilit\u00e9 nous incombe \u00e0 nous tous : les \u00e9lites politiques et intellectuelles, les acteurs m\u00e9diatiques et culturels, les leaders communautaires, ainsi que les citoyens ordinaires qui constituent la colonne vert\u00e9brale de ce pays et sa profondeur r\u00e9elle. Les comportements quotidiens, le discours public, la mani\u00e8re de g\u00e9rer les divergences et la diversit\u00e9 sont, en pratique, plus d\u00e9terminants pour l\u2019orientation de la soci\u00e9t\u00e9 que n\u2019importe quel texte ou mesure administrative.<\/p>\n<p>Dans ce contexte, El Afiah Mownka rappelle que sa cr\u00e9ation proc\u00e8de d\u2019une conviction in\u00e9branlable : le d\u00e9bat sur la citoyennet\u00e9, l\u2019unit\u00e9 nationale et le vivre-ensemble doit \u00eatre port\u00e9 de l\u2019int\u00e9rieur de la soci\u00e9t\u00e9 et conduit avec rationalit\u00e9, sinc\u00e9rit\u00e9 et responsabilit\u00e9, loin des logiques d\u2019alignement, de polarisation ou de surench\u00e8re.<\/p>\n<p>L\u2019Organisation renouvelle son engagement \u00e0 assumer pleinement son r\u00f4le en tant qu\u2019espace de dialogue apais\u00e9 et constructif, et en tant qu\u2019initiative citoyenne visant \u00e0 accompagner ce processus national, convaincue que la protection des valeurs communes n\u2019est pas une mission conjoncturelle, mais une responsabilit\u00e9 collective et permanente.<\/p>\n<p>Ouadane 2 n\u2019est pas un simple discours circonstanciel, mais un appel renouvel\u00e9 \u00e0 la conscience nationale, dans lequel chaque acteur \u2014 institutionnel ou civil \u2014 et chaque citoyen porte sa part de responsabilit\u00e9.<\/p>\n<p>Fait \u00e0 Nouakchott, ble 20\/12\/2025<br \/>\nOrganisation El Afiah Mownka<br \/>\nLe Pr\u00e9sident<br \/>\nAhmed Khattry<\/p>\n","protected":false},"excerpt":{"rendered":"<p>L\u2019Organisation El Afiah Mownka exprime son soutien fort et sans \u00e9quivoque aux importantes d\u00e9clarations faites par Son Excellence le Pr\u00e9sident de la R\u00e9publique depuis la ville d\u2019Ouadane, dans le cadre du Festival des Villes du Patrimoine. Ces d\u00e9clarations se distinguent par leur profondeur et leur clart\u00e9 dans le diagnostic des v\u00e9ritables d\u00e9fis auxquels fait face &hellip;<\/p>\n","protected":false},"author":2,"featured_media":19766,"comment_status":"open","ping_status":"open","sticky":false,"template":"","format":"standard","meta":{"footnotes":""},"categories":[18,19],"tags":[],"class_list":["post-19765","post","type-post","status-publish","format-standard","has-post-thumbnail","hentry","category-actualites","category-tribune"],"_links":{"self":[{"href":"https:\/\/ladepeche.mr\/index.php?rest_route=\/wp\/v2\/posts\/19765","targetHints":{"allow":["GET"]}}],"collection":[{"href":"https:\/\/ladepeche.mr\/index.php?rest_route=\/wp\/v2\/posts"}],"about":[{"href":"https:\/\/ladepeche.mr\/index.php?rest_route=\/wp\/v2\/types\/post"}],"author":[{"embeddable":true,"href":"https:\/\/ladepeche.mr\/index.php?rest_route=\/wp\/v2\/users\/2"}],"replies":[{"embeddable":true,"href":"https:\/\/ladepeche.mr\/index.php?rest_route=%2Fwp%2Fv2%2Fcomments&post=19765"}],"version-history":[{"count":1,"href":"https:\/\/ladepeche.mr\/index.php?rest_route=\/wp\/v2\/posts\/19765\/revisions"}],"predecessor-version":[{"id":19767,"href":"https:\/\/ladepeche.mr\/index.php?rest_route=\/wp\/v2\/posts\/19765\/revisions\/19767"}],"wp:featuredmedia":[{"embeddable":true,"href":"https:\/\/ladepeche.mr\/index.php?rest_route=\/wp\/v2\/media\/19766"}],"wp:attachment":[{"href":"https:\/\/ladepeche.mr\/index.php?rest_route=%2Fwp%2Fv2%2Fmedia&parent=19765"}],"wp:term":[{"taxonomy":"category","embeddable":true,"href":"https:\/\/ladepeche.mr\/index.php?rest_route=%2Fwp%2Fv2%2Fcategories&post=19765"},{"taxonomy":"post_tag","embeddable":true,"href":"https:\/\/ladepeche.mr\/index.php?rest_route=%2Fwp%2Fv2%2Ftags&post=19765"}],"curies":[{"name":"wp","href":"https:\/\/api.w.org\/{rel}","templated":true}]}}