{"id":19777,"date":"2025-12-22T11:00:49","date_gmt":"2025-12-22T11:00:49","guid":{"rendered":"https:\/\/ladepeche.mr\/?p=19777"},"modified":"2025-12-22T10:23:23","modified_gmt":"2025-12-22T10:23:23","slug":"caf-la-mauritanie-integre-la-zone-unaf","status":"publish","type":"post","link":"https:\/\/ladepeche.mr\/?p=19777","title":{"rendered":"CAF : la Mauritanie int\u00e8gre la zone UNAF"},"content":{"rendered":"<p>Comme les autres changements annonc\u00e9s, la Conf\u00e9d\u00e9ration Africaine de Football a \u00e9galement proc\u00e9d\u00e9 \u00e0 un changement \u00e0 la composition de la zone de l\u2019Union Nord-Africaine de Football (UNAF).<\/p>\n<p>Auparavant, cette zone \u00e9tait compos\u00e9e dans les comp\u00e9titions r\u00e9gionales africaines par la Tunisie, l\u2019Alg\u00e9rie, la Libye, le Maroc et l\u2019Egypte.<\/p>\n<p>Il y aura un nouveau client : c\u2019est la Mauritanie, faisant partie de la zone Afrique de l\u2019Ouest, devrait int\u00e9grer d\u00e9sormais la zone UNAF, et ce suite \u00e0 une d\u00e9cision annonc\u00e9e aujourd\u2019hui par la Conf\u00e9d\u00e9ration Africaine de Football.<br \/>\nhttps:\/\/www.tunisienumerique.com\/caf-la-mauritanie-integre-la-zone-unaf\/<\/p>\n","protected":false},"excerpt":{"rendered":"<p>Comme les autres changements annonc\u00e9s, la Conf\u00e9d\u00e9ration Africaine de Football a \u00e9galement proc\u00e9d\u00e9 \u00e0 un changement \u00e0 la composition de la zone de l\u2019Union Nord-Africaine de Football (UNAF). Auparavant, cette zone \u00e9tait compos\u00e9e dans les comp\u00e9titions r\u00e9gionales africaines par la Tunisie, l\u2019Alg\u00e9rie, la Libye, le Maroc et l\u2019Egypte. Il y aura un nouveau client : &hellip;<\/p>\n","protected":false},"author":2,"featured_media":19778,"comment_status":"open","ping_status":"open","sticky":false,"template":"","format":"standard","meta":{"footnotes":""},"categories":[18,17],"tags":[],"class_list":["post-19777","post","type-post","status-publish","format-standard","has-post-thumbnail","hentry","category-actualites","category-sports"],"_links":{"self":[{"href":"https:\/\/ladepeche.mr\/index.php?rest_route=\/wp\/v2\/posts\/19777","targetHints":{"allow":["GET"]}}],"collection":[{"href":"https:\/\/ladepeche.mr\/index.php?rest_route=\/wp\/v2\/posts"}],"about":[{"href":"https:\/\/ladepeche.mr\/index.php?rest_route=\/wp\/v2\/types\/post"}],"author":[{"embeddable":true,"href":"https:\/\/ladepeche.mr\/index.php?rest_route=\/wp\/v2\/users\/2"}],"replies":[{"embeddable":true,"href":"https:\/\/ladepeche.mr\/index.php?rest_route=%2Fwp%2Fv2%2Fcomments&post=19777"}],"version-history":[{"count":1,"href":"https:\/\/ladepeche.mr\/index.php?rest_route=\/wp\/v2\/posts\/19777\/revisions"}],"predecessor-version":[{"id":19779,"href":"https:\/\/ladepeche.mr\/index.php?rest_route=\/wp\/v2\/posts\/19777\/revisions\/19779"}],"wp:featuredmedia":[{"embeddable":true,"href":"https:\/\/ladepeche.mr\/index.php?rest_route=\/wp\/v2\/media\/19778"}],"wp:attachment":[{"href":"https:\/\/ladepeche.mr\/index.php?rest_route=%2Fwp%2Fv2%2Fmedia&parent=19777"}],"wp:term":[{"taxonomy":"category","embeddable":true,"href":"https:\/\/ladepeche.mr\/index.php?rest_route=%2Fwp%2Fv2%2Fcategories&post=19777"},{"taxonomy":"post_tag","embeddable":true,"href":"https:\/\/ladepeche.mr\/index.php?rest_route=%2Fwp%2Fv2%2Ftags&post=19777"}],"curies":[{"name":"wp","href":"https:\/\/api.w.org\/{rel}","templated":true}]}}