{"id":19780,"date":"2025-12-22T12:14:34","date_gmt":"2025-12-22T12:14:34","guid":{"rendered":"https:\/\/ladepeche.mr\/?p=19780"},"modified":"2025-12-22T12:14:34","modified_gmt":"2025-12-22T12:14:34","slug":"lalliance-des-etats-du-sahel-officialise-la-creation-dune-force-militaire-commune","status":"publish","type":"post","link":"https:\/\/ladepeche.mr\/?p=19780","title":{"rendered":"L\u2019Alliance des \u00c9tats du Sahel officialise la cr\u00e9ation d\u2019une force militaire commune"},"content":{"rendered":"<p>Les pays membres de l\u2019Alliance des \u00c9tats du Sahel (AES), \u00e0 savoir le Mali, le Burkina Faso et le Niger, ont franchi une nouvelle \u00e9tape dans leur coop\u00e9ration s\u00e9curitaire avec le lancement d\u2019une force militaire unifi\u00e9e. La c\u00e9r\u00e9monie officielle s\u2019est d\u00e9roul\u00e9e \u00e0 Bamako, sous la pr\u00e9sidence du chef de l\u2019\u00c9tat malien, le g\u00e9n\u00e9ral Assimi Go\u00efta, \u00e9galement pr\u00e9sident en exercice de la conf\u00e9d\u00e9ration.<\/p>\n<p>Cette force conjointe vise \u00e0 renforcer la lutte contre l\u2019ins\u00e9curit\u00e9 persistante dans la r\u00e9gion sah\u00e9lienne, marqu\u00e9e par les attaques de groupes arm\u00e9s. Elle repose sur une coordination renforc\u00e9e des arm\u00e9es des trois pays, avec la mise en place d\u2019un commandement unifi\u00e9 bas\u00e9 \u00e0 Niamey et le d\u00e9ploiement de bataillons conjoints sur le terrain.<\/p>\n<p>Dans son allocution relay\u00e9 par le journal d\u2019Afrique News, le g\u00e9n\u00e9ral Assimi Go\u00efta a insist\u00e9 sur la n\u00e9cessit\u00e9 d\u2019une r\u00e9ponse collective face aux multiples menaces qui p\u00e8sent sur les \u00c9tats du Sahel. Il a \u00e9voqu\u00e9 non seulement les d\u00e9fis s\u00e9curitaires, mais aussi les pressions \u00e9conomiques et informationnelles auxquelles les pays de l\u2019AES disent \u00eatre confront\u00e9s.<\/p>\n<p>Au-del\u00e0 de l\u2019aspect militaire, les dirigeants de l\u2019Alliance ont \u00e9galement annonc\u00e9 le lancement de nouveaux outils de communication communs, notamment des m\u00e9dias audiovisuels et \u00e9crits, destin\u00e9s \u00e0 porter la voix de la conf\u00e9d\u00e9ration et \u00e0 contrer les discours jug\u00e9s hostiles.<\/p>\n<p>La cr\u00e9ation de cette force s\u2019inscrit dans un contexte politique particulier. Les trois pays, dirig\u00e9s par des autorit\u00e9s issues de transitions militaires, ont r\u00e9cemment act\u00e9 leur retrait de la CEDEAO, privil\u00e9giant une coop\u00e9ration r\u00e9gionale centr\u00e9e sur la souverainet\u00e9 et la d\u00e9fense commune.<\/p>\n<blockquote class=\"wp-embedded-content\" data-secret=\"BxVjpdNaZu\"><p><a href=\"https:\/\/teranganews.sn\/2025\/12\/lalliance-des-etats-du-sahel-officialise-la-creation-dune-force-militaire-commune\/\">L\u2019Alliance des \u00c9tats du Sahel officialise la cr\u00e9ation d\u2019une force militaire commune<\/a><\/p><\/blockquote>\n<p><iframe loading=\"lazy\" class=\"wp-embedded-content\" sandbox=\"allow-scripts\" security=\"restricted\" style=\"position: absolute; visibility: hidden;\" title=\"\u00ab\u00a0L\u2019Alliance des \u00c9tats du Sahel officialise la cr\u00e9ation d\u2019une force militaire commune\u00a0\u00bb &#8212; Teranga News\" src=\"https:\/\/teranganews.sn\/2025\/12\/lalliance-des-etats-du-sahel-officialise-la-creation-dune-force-militaire-commune\/embed\/#?secret=EcXPQfJwFE#?secret=BxVjpdNaZu\" data-secret=\"BxVjpdNaZu\" width=\"500\" height=\"282\" frameborder=\"0\" marginwidth=\"0\" marginheight=\"0\" scrolling=\"no\"><\/iframe><\/p>\n","protected":false},"excerpt":{"rendered":"<p>Les pays membres de l\u2019Alliance des \u00c9tats du Sahel (AES), \u00e0 savoir le Mali, le Burkina Faso et le Niger, ont franchi une nouvelle \u00e9tape dans leur coop\u00e9ration s\u00e9curitaire avec le lancement d\u2019une force militaire unifi\u00e9e. La c\u00e9r\u00e9monie officielle s\u2019est d\u00e9roul\u00e9e \u00e0 Bamako, sous la pr\u00e9sidence du chef de l\u2019\u00c9tat malien, le g\u00e9n\u00e9ral Assimi Go\u00efta, &hellip;<\/p>\n","protected":false},"author":2,"featured_media":19781,"comment_status":"open","ping_status":"open","sticky":false,"template":"","format":"standard","meta":{"footnotes":""},"categories":[18,29],"tags":[],"class_list":["post-19780","post","type-post","status-publish","format-standard","has-post-thumbnail","hentry","category-actualites","category-monde"],"_links":{"self":[{"href":"https:\/\/ladepeche.mr\/index.php?rest_route=\/wp\/v2\/posts\/19780","targetHints":{"allow":["GET"]}}],"collection":[{"href":"https:\/\/ladepeche.mr\/index.php?rest_route=\/wp\/v2\/posts"}],"about":[{"href":"https:\/\/ladepeche.mr\/index.php?rest_route=\/wp\/v2\/types\/post"}],"author":[{"embeddable":true,"href":"https:\/\/ladepeche.mr\/index.php?rest_route=\/wp\/v2\/users\/2"}],"replies":[{"embeddable":true,"href":"https:\/\/ladepeche.mr\/index.php?rest_route=%2Fwp%2Fv2%2Fcomments&post=19780"}],"version-history":[{"count":1,"href":"https:\/\/ladepeche.mr\/index.php?rest_route=\/wp\/v2\/posts\/19780\/revisions"}],"predecessor-version":[{"id":19782,"href":"https:\/\/ladepeche.mr\/index.php?rest_route=\/wp\/v2\/posts\/19780\/revisions\/19782"}],"wp:featuredmedia":[{"embeddable":true,"href":"https:\/\/ladepeche.mr\/index.php?rest_route=\/wp\/v2\/media\/19781"}],"wp:attachment":[{"href":"https:\/\/ladepeche.mr\/index.php?rest_route=%2Fwp%2Fv2%2Fmedia&parent=19780"}],"wp:term":[{"taxonomy":"category","embeddable":true,"href":"https:\/\/ladepeche.mr\/index.php?rest_route=%2Fwp%2Fv2%2Fcategories&post=19780"},{"taxonomy":"post_tag","embeddable":true,"href":"https:\/\/ladepeche.mr\/index.php?rest_route=%2Fwp%2Fv2%2Ftags&post=19780"}],"curies":[{"name":"wp","href":"https:\/\/api.w.org\/{rel}","templated":true}]}}