{"id":19794,"date":"2025-12-23T18:14:59","date_gmt":"2025-12-23T18:14:59","guid":{"rendered":"https:\/\/ladepeche.mr\/?p=19794"},"modified":"2025-12-23T18:14:59","modified_gmt":"2025-12-23T18:14:59","slug":"cooperation-en-securite-civile-une-delegation-mauritanienne-a-monaco","status":"publish","type":"post","link":"https:\/\/ladepeche.mr\/?p=19794","title":{"rendered":"Coop\u00e9ration en s\u00e9curit\u00e9 civile : une d\u00e9l\u00e9gation mauritanienne \u00e0 Monaco"},"content":{"rendered":"<p>Du 15 au 19 d\u00e9cembre 2025, la D\u00e9l\u00e9gation G\u00e9n\u00e9rale \u00e0 la S\u00e9curit\u00e9 Civile et \u00e0 la Gestion des Crises (DGSCGC) de Mauritanie s\u2019est rendue \u00e0 Monaco dans le cadre d\u2019un partenariat de longue date en mati\u00e8re de s\u00e9curit\u00e9 civile, r\u00e9cemment renouvel\u00e9 jusqu\u2019en 2027, entre les deux \u00c9tats.<\/p>\n<p>La visite a donn\u00e9 lieu \u00e0 des d\u00e9monstrations d\u2019\u00e9quipements et d\u2019interventions du Corps des Sapeurs-Pompiers de Monaco, notamment autour des feux de structures. Des entretiens ont \u00e9galement \u00e9t\u00e9 organis\u00e9s entre le G\u00e9n\u00e9ral de Brigade Abou EL MAALY EL HADY SIDI OULD AMAR, D\u00e9l\u00e9gu\u00e9 G\u00e9n\u00e9ral \u00e0 la S\u00e9curit\u00e9 Civile et \u00e0 la Gestion des Crises, et les Conseillers de Gouvernement \u2013 Ministres Isabelle Berro-Amade\u00ef et Lionel Beffre, afin d\u2019aborder les actions \u00e0 d\u00e9velopper dans le futur.<\/p>\n<p>La coop\u00e9ration est soutenue depuis plus de 25 ans par la Direction de la Coop\u00e9ration internationale mon\u00e9gasque dans les missions de protection et de secours aux personnes. Sa mise en \u0153uvre s\u2019appuie sur l\u2019expertise du Colonel Varo, Commandant Sup\u00e9rieur de la Force Publique, le concours technique du Corps des Sapeurs-Pompiers de Monaco, dirig\u00e9 par le Lieutenant-Colonel Yvrard, et l\u2019implication du Consul de Monaco en Mauritanie, Aly Gueladio Kamara.<\/p>\n<p>Parmi les r\u00e9alisations figurent la construction de trois postes de secours \u00e0 Nouakchott, ayant permis de doubler la couverture de la capitale, la cr\u00e9ation d\u2019une brigade de sauvetage en mer charg\u00e9e de la surveillance des plages, la constitution d\u2019une \u00e9quipe de 14 formateurs locaux pour l\u2019internalisation de la formation initiale des recrues, ainsi que le renforcement des capacit\u00e9s de r\u00e9ponse aux catastrophes naturelles par la dotation de mat\u00e9riels et d\u2019\u00e9quipements.<\/p>\n<blockquote class=\"wp-embedded-content\" data-secret=\"NcHE6mdH7J\"><p><a href=\"https:\/\/pagesmonaco.com\/2025\/12\/23\/cooperation-en-securite-civile-une-delegation-mauritanienne-a-monaco\/\">Coop\u00e9ration en s\u00e9curit\u00e9 civile : une d\u00e9l\u00e9gation mauritanienne \u00e0 Monaco<\/a><\/p><\/blockquote>\n<p><iframe loading=\"lazy\" class=\"wp-embedded-content\" sandbox=\"allow-scripts\" security=\"restricted\" style=\"position: absolute; visibility: hidden;\" title=\"\u00ab\u00a0Coop\u00e9ration en s\u00e9curit\u00e9 civile : une d\u00e9l\u00e9gation mauritanienne \u00e0 Monaco\u00a0\u00bb &#8212; Pages Monaco\" src=\"https:\/\/pagesmonaco.com\/2025\/12\/23\/cooperation-en-securite-civile-une-delegation-mauritanienne-a-monaco\/embed\/#?secret=BHdr2OohB1#?secret=NcHE6mdH7J\" data-secret=\"NcHE6mdH7J\" width=\"500\" height=\"282\" frameborder=\"0\" marginwidth=\"0\" marginheight=\"0\" scrolling=\"no\"><\/iframe><br \/>\nPhoto Google<\/p>\n","protected":false},"excerpt":{"rendered":"<p>Du 15 au 19 d\u00e9cembre 2025, la D\u00e9l\u00e9gation G\u00e9n\u00e9rale \u00e0 la S\u00e9curit\u00e9 Civile et \u00e0 la Gestion des Crises (DGSCGC) de Mauritanie s\u2019est rendue \u00e0 Monaco dans le cadre d\u2019un partenariat de longue date en mati\u00e8re de s\u00e9curit\u00e9 civile, r\u00e9cemment renouvel\u00e9 jusqu\u2019en 2027, entre les deux \u00c9tats. La visite a donn\u00e9 lieu \u00e0 des d\u00e9monstrations &hellip;<\/p>\n","protected":false},"author":2,"featured_media":19795,"comment_status":"open","ping_status":"open","sticky":false,"template":"","format":"standard","meta":{"footnotes":""},"categories":[18],"tags":[],"class_list":["post-19794","post","type-post","status-publish","format-standard","has-post-thumbnail","hentry","category-actualites"],"_links":{"self":[{"href":"https:\/\/ladepeche.mr\/index.php?rest_route=\/wp\/v2\/posts\/19794","targetHints":{"allow":["GET"]}}],"collection":[{"href":"https:\/\/ladepeche.mr\/index.php?rest_route=\/wp\/v2\/posts"}],"about":[{"href":"https:\/\/ladepeche.mr\/index.php?rest_route=\/wp\/v2\/types\/post"}],"author":[{"embeddable":true,"href":"https:\/\/ladepeche.mr\/index.php?rest_route=\/wp\/v2\/users\/2"}],"replies":[{"embeddable":true,"href":"https:\/\/ladepeche.mr\/index.php?rest_route=%2Fwp%2Fv2%2Fcomments&post=19794"}],"version-history":[{"count":1,"href":"https:\/\/ladepeche.mr\/index.php?rest_route=\/wp\/v2\/posts\/19794\/revisions"}],"predecessor-version":[{"id":19796,"href":"https:\/\/ladepeche.mr\/index.php?rest_route=\/wp\/v2\/posts\/19794\/revisions\/19796"}],"wp:featuredmedia":[{"embeddable":true,"href":"https:\/\/ladepeche.mr\/index.php?rest_route=\/wp\/v2\/media\/19795"}],"wp:attachment":[{"href":"https:\/\/ladepeche.mr\/index.php?rest_route=%2Fwp%2Fv2%2Fmedia&parent=19794"}],"wp:term":[{"taxonomy":"category","embeddable":true,"href":"https:\/\/ladepeche.mr\/index.php?rest_route=%2Fwp%2Fv2%2Fcategories&post=19794"},{"taxonomy":"post_tag","embeddable":true,"href":"https:\/\/ladepeche.mr\/index.php?rest_route=%2Fwp%2Fv2%2Ftags&post=19794"}],"curies":[{"name":"wp","href":"https:\/\/api.w.org\/{rel}","templated":true}]}}