{"id":19797,"date":"2025-12-23T18:30:39","date_gmt":"2025-12-23T18:30:39","guid":{"rendered":"https:\/\/ladepeche.mr\/?p=19797"},"modified":"2025-12-23T18:32:06","modified_gmt":"2025-12-23T18:32:06","slug":"trafic-de-stups-incarceration-de-4-parmi-les-prevenus","status":"publish","type":"post","link":"https:\/\/ladepeche.mr\/?p=19797","title":{"rendered":"Affaire trafic de stups : Incarc\u00e9ration de 4 parmi les pr\u00e9venus"},"content":{"rendered":"<p>Le juge d\u2019instruction du troisi\u00e8me bureau sp\u00e9cialis\u00e9 dans les affaires de stup\u00e9fiants a ordonn\u00e9 l\u2019incarc\u00e9ration de quatre personnes mises en cause dans une affaire de trafic de drogues, tandis que les autres accus\u00e9s ont \u00e9t\u00e9 plac\u00e9s sous contr\u00f4le judiciaire.<br \/>\nLes pr\u00e9venus plac\u00e9s en d\u00e9tention provisoire sont Mohamed Salem Moustapha, Aboubakar Barrar, Mohamed Bakarr Masoud et Biran Wan, r\u00e9v\u00e8lent nos confr\u00e8res de \u00abalakhbar \u00bb.<br \/>\nLes 7 autres pr\u00e9venus ont \u00e9t\u00e9 laiss\u00e9s en libert\u00e9 provisoire sous contr\u00f4le judiciaire.<br \/>\nPour rappel, le parquet de Nouakchott-Ouest avait inculp\u00e9 l\u2019ensemble des mis en cause. Huit d\u2019entre eux sont poursuivis pour association de malfaiteurs et complot en vue de commettre des crimes li\u00e9s \u00e0 l\u2019importation, la vente, la distribution et le courtage de drogues jug\u00e9es extr\u00eamement dangereuses. <\/p>\n<blockquote class=\"wp-embedded-content\" data-secret=\"ckP3M8eMs6\"><p><a href=\"https:\/\/ladepeche.mr\/?p=19785\">Usage et trafic de stups: 11 personnes arr\u00eat\u00e9es<\/a><\/p><\/blockquote>\n<p><iframe loading=\"lazy\" class=\"wp-embedded-content\" sandbox=\"allow-scripts\" security=\"restricted\" style=\"position: absolute; visibility: hidden;\" title=\"\u00ab\u00a0Usage et trafic de stups: 11 personnes arr\u00eat\u00e9es\u00a0\u00bb &#8212; La D\u00e9p\u00eache  de Mauritanie et du Sahel\" src=\"https:\/\/ladepeche.mr\/?p=19785&#038;embed=true#?secret=iO5Lo6lr5D#?secret=ckP3M8eMs6\" data-secret=\"ckP3M8eMs6\" width=\"500\" height=\"282\" frameborder=\"0\" marginwidth=\"0\" marginheight=\"0\" scrolling=\"no\"><\/iframe><br \/>\nLes autres font face \u00e0 des chefs d\u2019accusation distincts, notamment pour consommation de stup\u00e9fiants, vente et consommation d\u2019alcool.<\/p>\n","protected":false},"excerpt":{"rendered":"<p>Le juge d\u2019instruction du troisi\u00e8me bureau sp\u00e9cialis\u00e9 dans les affaires de stup\u00e9fiants a ordonn\u00e9 l\u2019incarc\u00e9ration de quatre personnes mises en cause dans une affaire de trafic de drogues, tandis que les autres accus\u00e9s ont \u00e9t\u00e9 plac\u00e9s sous contr\u00f4le judiciaire. Les pr\u00e9venus plac\u00e9s en d\u00e9tention provisoire sont Mohamed Salem Moustapha, Aboubakar Barrar, Mohamed Bakarr Masoud et &hellip;<\/p>\n","protected":false},"author":2,"featured_media":11350,"comment_status":"open","ping_status":"open","sticky":false,"template":"","format":"standard","meta":{"footnotes":""},"categories":[18],"tags":[],"class_list":["post-19797","post","type-post","status-publish","format-standard","has-post-thumbnail","hentry","category-actualites"],"_links":{"self":[{"href":"https:\/\/ladepeche.mr\/index.php?rest_route=\/wp\/v2\/posts\/19797","targetHints":{"allow":["GET"]}}],"collection":[{"href":"https:\/\/ladepeche.mr\/index.php?rest_route=\/wp\/v2\/posts"}],"about":[{"href":"https:\/\/ladepeche.mr\/index.php?rest_route=\/wp\/v2\/types\/post"}],"author":[{"embeddable":true,"href":"https:\/\/ladepeche.mr\/index.php?rest_route=\/wp\/v2\/users\/2"}],"replies":[{"embeddable":true,"href":"https:\/\/ladepeche.mr\/index.php?rest_route=%2Fwp%2Fv2%2Fcomments&post=19797"}],"version-history":[{"count":3,"href":"https:\/\/ladepeche.mr\/index.php?rest_route=\/wp\/v2\/posts\/19797\/revisions"}],"predecessor-version":[{"id":19800,"href":"https:\/\/ladepeche.mr\/index.php?rest_route=\/wp\/v2\/posts\/19797\/revisions\/19800"}],"wp:featuredmedia":[{"embeddable":true,"href":"https:\/\/ladepeche.mr\/index.php?rest_route=\/wp\/v2\/media\/11350"}],"wp:attachment":[{"href":"https:\/\/ladepeche.mr\/index.php?rest_route=%2Fwp%2Fv2%2Fmedia&parent=19797"}],"wp:term":[{"taxonomy":"category","embeddable":true,"href":"https:\/\/ladepeche.mr\/index.php?rest_route=%2Fwp%2Fv2%2Fcategories&post=19797"},{"taxonomy":"post_tag","embeddable":true,"href":"https:\/\/ladepeche.mr\/index.php?rest_route=%2Fwp%2Fv2%2Ftags&post=19797"}],"curies":[{"name":"wp","href":"https:\/\/api.w.org\/{rel}","templated":true}]}}