{"id":19801,"date":"2025-12-24T10:14:10","date_gmt":"2025-12-24T10:14:10","guid":{"rendered":"https:\/\/ladepeche.mr\/?p=19801"},"modified":"2025-12-24T10:14:10","modified_gmt":"2025-12-24T10:14:10","slug":"infrastructures-le-president-de-la-republique-inaugure-la-route-boghe-kaedi","status":"publish","type":"post","link":"https:\/\/ladepeche.mr\/?p=19801","title":{"rendered":"Infrastructures: Le Pr\u00e9sident de la R\u00e9publique inaugure la route Bogh\u00e9-Ka\u00e9di"},"content":{"rendered":"<p>Son Excellence le Pr\u00e9sident de la R\u00e9publique, M. Mohamed Ould Cheikh El Ghazouani, a inaugur\u00e9 mardi \u00e0 Bogh\u00e9 la route Bogh\u00e9-Ka\u00e9di, dans le cadre des c\u00e9l\u00e9brations du 65e anniversaire de l\u2019ind\u00e9pendance nationale.<br \/>\nLe Pr\u00e9sident a suivi un expos\u00e9 sur la route et les m\u00e9thodes techniques employ\u00e9es pour sa construction, conform\u00e9ment au cahier des charges. Il a \u00e9galement \u00e9t\u00e9 inform\u00e9 de son r\u00f4le dans l\u2019am\u00e9lioration de la fluidit\u00e9 du trafic entre les villes de Bogh\u00e9 et de Ka\u00e9di, avant de couper le ruban symbolique et de d\u00e9voiler la plaque comm\u00e9morative, inaugurant ainsi officiellement la route.<br \/>\nLa r\u00e9habilitation de cette route de 100 kilom\u00e8tres de long et de 9 m\u00e8tres de large a co\u00fbt\u00e9 852 838 262,9 ouguiyas mauritaniennes et a n\u00e9cessit\u00e9 30 mois de travaux.<br \/>\nCette r\u00e9habilitation s\u2019inscrit dans le cadre d\u2019un projet lanc\u00e9 fin 2022 par Son Excellence le Pr\u00e9sident de la R\u00e9publique visant \u00e0 moderniser des centaines de kilom\u00e8tres du r\u00e9seau routier national, afin d\u2019am\u00e9liorer la fluidit\u00e9 du trafic et sa s\u00e9curit\u00e9.<br \/>\nCe projet concerne notamment les tron\u00e7ons Aleg-Maghtaa Lahjar, Djouk-Kiffa, Tintane-Aioun, Aioun-Aouinatt Zbel, Aouinet Zbel-Timb\u00e9dra et Timb\u00e9dra-N\u00e9ma.<br \/>\nLors de son allocution, le ministre de l\u2019\u00c9quipement et des Transports, M. Ely Ould El-Veirik, a expliqu\u00e9 que la r\u00e9partition des projets de d\u00e9veloppement depuis 2019 se caract\u00e9rise par son ampleur et son \u00e9quit\u00e9.<br \/>\nPlus de 3 000 kilom\u00e8tres de routes ont \u00e9t\u00e9 achev\u00e9s, entre constructions neuves et reconstructions, sur l\u2019ensemble du territoire. Il a ajout\u00e9 que la reconstruction de la route Bogh\u00e9-Ka\u00e9di, dont le co\u00fbt s\u2019est \u00e9lev\u00e9 \u00e0 853 millions d\u2019ouguiyas et qui a \u00e9t\u00e9 financ\u00e9e par le Tr\u00e9sor public, s\u2019inscrit dans un vaste programme sans pr\u00e9c\u00e9dent de reconstruction et de modernisation du r\u00e9seau routier national.<br \/>\nLe ministre a pass\u00e9 en revue en d\u00e9tail les principaux projets routiers achev\u00e9s ou en cours depuis 2019, soulignant que des milliers de kilom\u00e8tres de routes asphalt\u00e9es ont \u00e9t\u00e9 construits durant cette p\u00e9riode.<br \/>\nIl a indiqu\u00e9 que le secteur avait r\u00e9cemment finalis\u00e9 les \u00e9tudes techniques relatives \u00e0 plusieurs tron\u00e7ons routiers destin\u00e9s \u00e0 la r\u00e9habilitation, notamment le troisi\u00e8me tron\u00e7on de la route Nouakchott-Nouadhibou, la route Rosso-Bogh\u00e9, le premier tron\u00e7on de la route Akjoujt-Atar, la route N\u00e9ma-Bassikounou et la route Choum-Boulenouar.<br \/>\nM. Ould El Veirik a \u00e9galement fait \u00e9tat des \u00e9tudes de faisabilit\u00e9 \u00e9conomique du projet autoroutier Nouakchott-Boutilimit, qui figure parmi les projets propos\u00e9s en partenariat public-priv\u00e9, ainsi que celles des lignes ferroviaires Nouakchott-Ka\u00e9di-Bofal-S\u00e9libabi et Nouakchott-Akjoujt-Choum. Il a ajout\u00e9 que des \u00e9tudes de faisabilit\u00e9 sont en cours pour les routes Touil-Voullania-Medbougou-Kobenni et Timb\u00e9dra-Bousteila, et que des proc\u00e9dures de passation de march\u00e9s ont \u00e9t\u00e9 engag\u00e9es avec des bureaux d\u2019\u00e9tudes pour finaliser ou actualiser les \u00e9tudes relatives \u00e0 la construction ou \u00e0 la r\u00e9habilitation de plusieurs axes routiers, dont les routes N\u00e9ma-Oualata, S\u00e9libabi-Gouraye et le second tron\u00e7on de la route Akjoujt-Atar.<br \/>\nPour sa part, le pr\u00e9sident de la r\u00e9gion de Brakna, M. Moustapha Ould Mohamed Mahmoud, a exprim\u00e9, au nom des habitants de la r\u00e9gion, sa profonde satisfaction quant \u00e0 la visite du Pr\u00e9sident de la R\u00e9publique pour inaugurer la route reliant Bogh\u00e9 \u00e0 Ka\u00e9di, un projet strat\u00e9gique attendu de longue date.<br \/>\nIl a d\u00e9clar\u00e9 que la wilaya de Brakna, sous la direction \u00e9clair\u00e9e du Pr\u00e9sident, a connu une transformation tangible de son infrastructure routi\u00e8re, avec la restauration et la r\u00e9habilitation de la plupart des tron\u00e7ons principaux qui constituent l\u2019\u00e9pine dorsale de l\u2019activit\u00e9 \u00e9conomique et sociale.<br \/>\nIl a soulign\u00e9 que la route Bogh\u00e9-Ka\u00e9di repr\u00e9sente bien plus qu\u2019une simple infrastructure : elle est un catalyseur du d\u00e9veloppement local, un pilier de l\u2019activit\u00e9 agricole et commerciale, un lien entre plusieurs r\u00e9gions, une art\u00e8re vitale s\u2019\u00e9tendant sur pr\u00e8s de 100 kilom\u00e8tres le long des rives de ce fleuve abondant, et un v\u00e9ritable atout pour les habitants de la r\u00e9gion et l\u2019\u00e9conomie nationale dans son ensemble.<br \/>\nPlus t\u00f4t dans la journ\u00e9e, le maire de Bogh\u00e9, M. Ba Adama Moussa, a soulign\u00e9 dans son discours l\u2019importance de cette route pour faciliter la circulation des personnes et des marchandises, dynamiser le commerce et am\u00e9liorer l\u2019acc\u00e8s des habitants aux services essentiels.<br \/>\nIl a pass\u00e9 en revue certains des r\u00e9alisations accomplies dans la commune, notamment le renforcement des infrastructures de sant\u00e9, d\u2019eau, de voirie et d\u2019\u00e9lectricit\u00e9, notant que ces r\u00e9alisations t\u00e9moignent de l\u2019engagement de Son Excellence le Pr\u00e9sident de la R\u00e9publique \u00e0 rapprocher l\u2019administration des citoyens et \u00e0 r\u00e9pondre \u00e0 leurs besoins fondamentaux.<br \/>\nLa c\u00e9r\u00e9monie d\u2019inauguration s\u2019est d\u00e9roul\u00e9e en pr\u00e9sence de la d\u00e9l\u00e9gation accompagnant le Pr\u00e9sident de la R\u00e9publique, du wali du Brakna, M. Mohamed Ould Salek, du commandant de la 7e r\u00e9gion militaire, le colonel Oumar Ould Sidi, du hakem de la moughataa de Bogh\u00e9, M. Abdelkader Ould Charaf, du du d\u00e9put\u00e9 de la moughataa, M. Dia Moussa El Houssein, ainsi que d\u2019\u00e9lus et de personnalit\u00e9s de la wilaya du Brakna.<br \/>\nAmi<\/p>\n","protected":false},"excerpt":{"rendered":"<p>Son Excellence le Pr\u00e9sident de la R\u00e9publique, M. Mohamed Ould Cheikh El Ghazouani, a inaugur\u00e9 mardi \u00e0 Bogh\u00e9 la route Bogh\u00e9-Ka\u00e9di, dans le cadre des c\u00e9l\u00e9brations du 65e anniversaire de l\u2019ind\u00e9pendance nationale. Le Pr\u00e9sident a suivi un expos\u00e9 sur la route et les m\u00e9thodes techniques employ\u00e9es pour sa construction, conform\u00e9ment au cahier des charges. Il &hellip;<\/p>\n","protected":false},"author":2,"featured_media":19802,"comment_status":"open","ping_status":"open","sticky":false,"template":"","format":"standard","meta":{"footnotes":""},"categories":[18,2],"tags":[],"class_list":["post-19801","post","type-post","status-publish","format-standard","has-post-thumbnail","hentry","category-actualites","category-economie"],"_links":{"self":[{"href":"https:\/\/ladepeche.mr\/index.php?rest_route=\/wp\/v2\/posts\/19801","targetHints":{"allow":["GET"]}}],"collection":[{"href":"https:\/\/ladepeche.mr\/index.php?rest_route=\/wp\/v2\/posts"}],"about":[{"href":"https:\/\/ladepeche.mr\/index.php?rest_route=\/wp\/v2\/types\/post"}],"author":[{"embeddable":true,"href":"https:\/\/ladepeche.mr\/index.php?rest_route=\/wp\/v2\/users\/2"}],"replies":[{"embeddable":true,"href":"https:\/\/ladepeche.mr\/index.php?rest_route=%2Fwp%2Fv2%2Fcomments&post=19801"}],"version-history":[{"count":1,"href":"https:\/\/ladepeche.mr\/index.php?rest_route=\/wp\/v2\/posts\/19801\/revisions"}],"predecessor-version":[{"id":19803,"href":"https:\/\/ladepeche.mr\/index.php?rest_route=\/wp\/v2\/posts\/19801\/revisions\/19803"}],"wp:featuredmedia":[{"embeddable":true,"href":"https:\/\/ladepeche.mr\/index.php?rest_route=\/wp\/v2\/media\/19802"}],"wp:attachment":[{"href":"https:\/\/ladepeche.mr\/index.php?rest_route=%2Fwp%2Fv2%2Fmedia&parent=19801"}],"wp:term":[{"taxonomy":"category","embeddable":true,"href":"https:\/\/ladepeche.mr\/index.php?rest_route=%2Fwp%2Fv2%2Fcategories&post=19801"},{"taxonomy":"post_tag","embeddable":true,"href":"https:\/\/ladepeche.mr\/index.php?rest_route=%2Fwp%2Fv2%2Ftags&post=19801"}],"curies":[{"name":"wp","href":"https:\/\/api.w.org\/{rel}","templated":true}]}}