{"id":19804,"date":"2025-12-24T10:29:19","date_gmt":"2025-12-24T10:29:19","guid":{"rendered":"https:\/\/ladepeche.mr\/?p=19804"},"modified":"2025-12-24T10:29:19","modified_gmt":"2025-12-24T10:29:19","slug":"hydraulique-villageoise-ghazouani-supervise-lavance-des-travaux-dalimentation-de-165-villages-dans-le-sud","status":"publish","type":"post","link":"https:\/\/ladepeche.mr\/?p=19804","title":{"rendered":"Hydraulique villageoise: Ghazouani supervise l&#8217;avance des travaux d&#8217;alimentation de 165 villages dans le sud"},"content":{"rendered":"<p>Le pr\u00e9sident Mohamed Ould Ghazouani a supervis\u00e9, ce mardi, l\u2019\u00e9tat d\u2019avancement du projet d\u2019alimentation en eau potable de 165 villages des wilayas du Brakna, du Tagant et de l\u2019Assaba, \u00e0 partir du fleuve, un projet b\u00e9n\u00e9ficiant \u00e0 plus de 115 000 citoyens.<\/p>\n<p>Lors de cette visite, le chef de l\u2019\u00c9tat a \u00e9galement pris connaissance d\u2019une composante agricole du projet, destin\u00e9e \u00e0 fournir de l\u2019eau d\u2019irrigation \u00e0 environ 3 500 hectares, dans le cadre du suivi de terrain des grands projets de d\u00e9veloppement.<br \/>\nDes explications techniques sur l\u2019\u00e9tat d\u2019avancement des travaux, le rythme d\u2019ex\u00e9cution et les d\u00e9lais de r\u00e9alisation des diff\u00e9rentes composantes du projet, ont \u00e9t\u00e9 avanc\u00e9es, sur place, par la ministre de l&#8217;hydraulique et de l&#8217;assainissement Amal et le coordinateur du projet, Mohamed Ould Mohamed Sidi.<\/p>\n<p>La minist\u00e8re, cit\u00e9e par des m\u00e9dias, auraient qualifi\u00e9 ce programme de &#8220;l\u2019un des plus grands projets hydrauliques multisectoriels du pays&#8221;, combinant l\u2019acc\u00e8s durable \u00e0 l\u2019eau potable et le soutien au secteur agricole.<\/p>\n<p>Pour rappel, le pr\u00e9sident Mohamed Ould Ghazouani avait proc\u00e9d\u00e9 \u00e0 la pose de la premi\u00e8re pierre de ce projet le 7 mars de l\u2019ann\u00e9e derni\u00e8re dans la moughataa de Babab\u00e9, wilaya du Brakna.<\/p>\n","protected":false},"excerpt":{"rendered":"<p>Le pr\u00e9sident Mohamed Ould Ghazouani a supervis\u00e9, ce mardi, l\u2019\u00e9tat d\u2019avancement du projet d\u2019alimentation en eau potable de 165 villages des wilayas du Brakna, du Tagant et de l\u2019Assaba, \u00e0 partir du fleuve, un projet b\u00e9n\u00e9ficiant \u00e0 plus de 115 000 citoyens. Lors de cette visite, le chef de l\u2019\u00c9tat a \u00e9galement pris connaissance d\u2019une &hellip;<\/p>\n","protected":false},"author":2,"featured_media":19806,"comment_status":"open","ping_status":"open","sticky":false,"template":"","format":"standard","meta":{"footnotes":""},"categories":[18,2],"tags":[],"class_list":["post-19804","post","type-post","status-publish","format-standard","has-post-thumbnail","hentry","category-actualites","category-economie"],"_links":{"self":[{"href":"https:\/\/ladepeche.mr\/index.php?rest_route=\/wp\/v2\/posts\/19804","targetHints":{"allow":["GET"]}}],"collection":[{"href":"https:\/\/ladepeche.mr\/index.php?rest_route=\/wp\/v2\/posts"}],"about":[{"href":"https:\/\/ladepeche.mr\/index.php?rest_route=\/wp\/v2\/types\/post"}],"author":[{"embeddable":true,"href":"https:\/\/ladepeche.mr\/index.php?rest_route=\/wp\/v2\/users\/2"}],"replies":[{"embeddable":true,"href":"https:\/\/ladepeche.mr\/index.php?rest_route=%2Fwp%2Fv2%2Fcomments&post=19804"}],"version-history":[{"count":1,"href":"https:\/\/ladepeche.mr\/index.php?rest_route=\/wp\/v2\/posts\/19804\/revisions"}],"predecessor-version":[{"id":19807,"href":"https:\/\/ladepeche.mr\/index.php?rest_route=\/wp\/v2\/posts\/19804\/revisions\/19807"}],"wp:featuredmedia":[{"embeddable":true,"href":"https:\/\/ladepeche.mr\/index.php?rest_route=\/wp\/v2\/media\/19806"}],"wp:attachment":[{"href":"https:\/\/ladepeche.mr\/index.php?rest_route=%2Fwp%2Fv2%2Fmedia&parent=19804"}],"wp:term":[{"taxonomy":"category","embeddable":true,"href":"https:\/\/ladepeche.mr\/index.php?rest_route=%2Fwp%2Fv2%2Fcategories&post=19804"},{"taxonomy":"post_tag","embeddable":true,"href":"https:\/\/ladepeche.mr\/index.php?rest_route=%2Fwp%2Fv2%2Ftags&post=19804"}],"curies":[{"name":"wp","href":"https:\/\/api.w.org\/{rel}","templated":true}]}}