{"id":19811,"date":"2025-12-25T17:22:46","date_gmt":"2025-12-25T17:22:46","guid":{"rendered":"https:\/\/ladepeche.mr\/?p=19811"},"modified":"2025-12-25T17:22:46","modified_gmt":"2025-12-25T17:22:46","slug":"rdc-les-usa-ne-croient-pas-au-retrait-du-m23-de-la-ville-duvira","status":"publish","type":"post","link":"https:\/\/ladepeche.mr\/?p=19811","title":{"rendered":"RDC : les USA ne croient pas au retrait du M23 de la ville d\u2019Uvira"},"content":{"rendered":"<p>Malgr\u00e9 l\u2019annonce du retrait des forces rebelles du M23 de la ville strat\u00e9gique d\u2019Uvira, dans l\u2019est de la R\u00e9publique d\u00e9mocratique du Congo, les \u00c9tats-Unis pointent une pr\u00e9sence persistante des combattants et une recrudescence des affrontements, alors que la crise humanitaire s\u2019aggrave.<br \/>\nSelon un haut responsable am\u00e9ricain, si un mouvement des combattants a \u00e9t\u00e9 observ\u00e9, il ne correspond pas \u00e0 une \u00ab lib\u00e9ration totale \u00bb de la ville, certains rebelles restant positionn\u00e9s dans ses environs.<\/p>\n<p>Les affrontements sporadiques se poursuivent, notamment dans le quartier Kalundu, et certains combattants portent d\u00e9sormais des uniformes policiers, selon des habitants. Les responsabilit\u00e9s sont contest\u00e9es entre le M23 et l\u2019arm\u00e9e congolaise, tandis que Kigali nie tout soutien au mouvement rebelle.<\/p>\n<p>Depuis le d\u00e9but de d\u00e9cembre, la violence a provoqu\u00e9 le d\u00e9placement de pr\u00e8s de 500 000 personnes dans la province du Sud-Kivu et l\u2019exode de plus de 84 000 r\u00e9fugi\u00e9s vers le Burundi, selon le Haut-Commissariat des Nations unies pour les r\u00e9fugi\u00e9s. Les pertes \u00e9conomiques sont \u00e9galement significatives, avec une contraction estim\u00e9e \u00e0 0,4 % du PIB congolais et des d\u00e9penses exceptionnelles de s\u00e9curit\u00e9 approchant trois milliards de dollars.<\/p>\n<p>Malgr\u00e9 les n\u00e9gociations s\u00e9par\u00e9es men\u00e9es \u00e0 Qatar entre Kinshasa et le M23, la stabilit\u00e9 r\u00e9gionale reste pr\u00e9caire, et la communaut\u00e9 internationale appelle \u00e0 un retrait complet des forces rebelles pour permettre un dialogue durable.<br \/>\nhttps:\/\/www.msn.com\/fr-xl\/actualite\/other\/rdc-les-%C3%A9tats-unis-ne-croient-pas-au-retrait-des-rebelles-du-m23-de-la-ville-d-uvira\/ar-AA1SXNfI?ocid=msedgdhp&#038;pc=U531&#038;cvid=5576901189e348289e1493bc9ec18543&#038;ei=52<\/p>\n","protected":false},"excerpt":{"rendered":"<p>Malgr\u00e9 l\u2019annonce du retrait des forces rebelles du M23 de la ville strat\u00e9gique d\u2019Uvira, dans l\u2019est de la R\u00e9publique d\u00e9mocratique du Congo, les \u00c9tats-Unis pointent une pr\u00e9sence persistante des combattants et une recrudescence des affrontements, alors que la crise humanitaire s\u2019aggrave. Selon un haut responsable am\u00e9ricain, si un mouvement des combattants a \u00e9t\u00e9 observ\u00e9, il &hellip;<\/p>\n","protected":false},"author":2,"featured_media":19812,"comment_status":"open","ping_status":"open","sticky":false,"template":"","format":"standard","meta":{"footnotes":""},"categories":[18,29],"tags":[],"class_list":["post-19811","post","type-post","status-publish","format-standard","has-post-thumbnail","hentry","category-actualites","category-monde"],"_links":{"self":[{"href":"https:\/\/ladepeche.mr\/index.php?rest_route=\/wp\/v2\/posts\/19811","targetHints":{"allow":["GET"]}}],"collection":[{"href":"https:\/\/ladepeche.mr\/index.php?rest_route=\/wp\/v2\/posts"}],"about":[{"href":"https:\/\/ladepeche.mr\/index.php?rest_route=\/wp\/v2\/types\/post"}],"author":[{"embeddable":true,"href":"https:\/\/ladepeche.mr\/index.php?rest_route=\/wp\/v2\/users\/2"}],"replies":[{"embeddable":true,"href":"https:\/\/ladepeche.mr\/index.php?rest_route=%2Fwp%2Fv2%2Fcomments&post=19811"}],"version-history":[{"count":1,"href":"https:\/\/ladepeche.mr\/index.php?rest_route=\/wp\/v2\/posts\/19811\/revisions"}],"predecessor-version":[{"id":19813,"href":"https:\/\/ladepeche.mr\/index.php?rest_route=\/wp\/v2\/posts\/19811\/revisions\/19813"}],"wp:featuredmedia":[{"embeddable":true,"href":"https:\/\/ladepeche.mr\/index.php?rest_route=\/wp\/v2\/media\/19812"}],"wp:attachment":[{"href":"https:\/\/ladepeche.mr\/index.php?rest_route=%2Fwp%2Fv2%2Fmedia&parent=19811"}],"wp:term":[{"taxonomy":"category","embeddable":true,"href":"https:\/\/ladepeche.mr\/index.php?rest_route=%2Fwp%2Fv2%2Fcategories&post=19811"},{"taxonomy":"post_tag","embeddable":true,"href":"https:\/\/ladepeche.mr\/index.php?rest_route=%2Fwp%2Fv2%2Ftags&post=19811"}],"curies":[{"name":"wp","href":"https:\/\/api.w.org\/{rel}","templated":true}]}}