{"id":19814,"date":"2025-12-25T17:32:34","date_gmt":"2025-12-25T17:32:34","guid":{"rendered":"https:\/\/ladepeche.mr\/?p=19814"},"modified":"2025-12-25T17:32:34","modified_gmt":"2025-12-25T17:32:34","slug":"energie-le-president-procede-a-la-pose-de-la-premiere-pierre-du-projet-dune-centrale-hybride-de-220-megawatts","status":"publish","type":"post","link":"https:\/\/ladepeche.mr\/?p=19814","title":{"rendered":"Energie: Le pr\u00e9sident proc\u00e8de \u00e0 la pose de la premi\u00e8re pierre du projet d&#8217;une Centrale hybride de 220 m\u00e9gawatts"},"content":{"rendered":"<p>Le Pr\u00e9sident de la R\u00e9publique, Mohamed Ould Cheikh El Ghazouani, a pos\u00e9 jeudi apr\u00e8s-midi la premi\u00e8re pierre de la premi\u00e8re centrale hybride de Mauritanie, d\u2019une capacit\u00e9 totale de 220 m\u00e9gawatts, dans la moughataa de Toujounine (Nouakchott Nord), \u00e0 l\u2019occasion des activit\u00e9s comm\u00e9morant le 65\u1d49 anniversaire de l\u2019Ind\u00e9pendance nationale.<\/p>\n<p>Le projet comprend une centrale solaire photovolta\u00efque de 160 m\u00e9gawatts, une centrale \u00e9olienne de 60 m\u00e9gawatts ainsi qu\u2019un syst\u00e8me de stockage par batteries de 370 m\u00e9gawattheures, destin\u00e9 \u00e0 garantir la stabilit\u00e9 du r\u00e9seau \u00e9lectrique et \u00e0 couvrir les p\u00e9riodes de pointe de consommation. L\u2019infrastructure sera raccord\u00e9e au r\u00e9seau national via une sous-station de transformation de 225\/33 kilovolts.<\/p>\n<p>D\u2019un co\u00fbt estim\u00e9 \u00e0 120 milliards d\u2019anciennes ouguiyas, la centrale est enti\u00e8rement financ\u00e9e par le secteur priv\u00e9. Le financement est assur\u00e9 \u00e0 hauteur de 20 % par la soci\u00e9t\u00e9 IWA Energy et de 80 % par un consortium compos\u00e9 de la Soci\u00e9t\u00e9 financi\u00e8re internationale (IFC), de la Banque africaine de d\u00e9veloppement (BAD) et de la Banque populaire de Mauritanie (BPM). Le projet sera exploit\u00e9 dans le cadre d\u2019un contrat de concession de 15 ans, au terme duquel la centrale sera transf\u00e9r\u00e9e \u00e0 la Soci\u00e9t\u00e9 mauritanienne d\u2019\u00e9lectricit\u00e9 (SOMELEC).<\/p>\n<p>Premier projet de ce genre dans le pays, cette centrale vise \u00e0 r\u00e9duire les co\u00fbts de production de l\u2019\u00e9lectricit\u00e9, \u00e0 soutenir la comp\u00e9titivit\u00e9 des secteurs industriel, minier et agricole, \u00e0 am\u00e9liorer l\u2019acc\u00e8s \u00e0 une \u00e9nergie fiable et \u00e0 moindre co\u00fbt, tout en contribuant \u00e0 la transition \u00e9nerg\u00e9tique et \u00e0 la r\u00e9duction de la d\u00e9pendance aux combustibles fossiles.<\/p>\n<p>Le projet s\u2019inscrit dans la strat\u00e9gie nationale de promotion des \u00e9nergies renouvelables, s\u2019appuyant sur le fort potentiel solaire et \u00e9olien du pays. Les travaux de construction devraient durer environ douze mois, avec un d\u00e9but de production pr\u00e9vu au quatri\u00e8me trimestre de 2026.<\/p>\n<p>La c\u00e9r\u00e9monie s\u2019est d\u00e9roul\u00e9e en pr\u00e9sence du Premier ministre, de plusieurs hautes autorit\u00e9s de l\u2019\u00c9tat, de membres du gouvernement ainsi que des responsables administratifs et \u00e9lus locaux de Nouakchott Nord.<br \/>\n(avec Ami)<\/p>\n","protected":false},"excerpt":{"rendered":"<p>Le Pr\u00e9sident de la R\u00e9publique, Mohamed Ould Cheikh El Ghazouani, a pos\u00e9 jeudi apr\u00e8s-midi la premi\u00e8re pierre de la premi\u00e8re centrale hybride de Mauritanie, d\u2019une capacit\u00e9 totale de 220 m\u00e9gawatts, dans la moughataa de Toujounine (Nouakchott Nord), \u00e0 l\u2019occasion des activit\u00e9s comm\u00e9morant le 65\u1d49 anniversaire de l\u2019Ind\u00e9pendance nationale. Le projet comprend une centrale solaire photovolta\u00efque &hellip;<\/p>\n","protected":false},"author":2,"featured_media":19815,"comment_status":"open","ping_status":"open","sticky":false,"template":"","format":"standard","meta":{"footnotes":""},"categories":[18,2],"tags":[],"class_list":["post-19814","post","type-post","status-publish","format-standard","has-post-thumbnail","hentry","category-actualites","category-economie"],"_links":{"self":[{"href":"https:\/\/ladepeche.mr\/index.php?rest_route=\/wp\/v2\/posts\/19814","targetHints":{"allow":["GET"]}}],"collection":[{"href":"https:\/\/ladepeche.mr\/index.php?rest_route=\/wp\/v2\/posts"}],"about":[{"href":"https:\/\/ladepeche.mr\/index.php?rest_route=\/wp\/v2\/types\/post"}],"author":[{"embeddable":true,"href":"https:\/\/ladepeche.mr\/index.php?rest_route=\/wp\/v2\/users\/2"}],"replies":[{"embeddable":true,"href":"https:\/\/ladepeche.mr\/index.php?rest_route=%2Fwp%2Fv2%2Fcomments&post=19814"}],"version-history":[{"count":1,"href":"https:\/\/ladepeche.mr\/index.php?rest_route=\/wp\/v2\/posts\/19814\/revisions"}],"predecessor-version":[{"id":19816,"href":"https:\/\/ladepeche.mr\/index.php?rest_route=\/wp\/v2\/posts\/19814\/revisions\/19816"}],"wp:featuredmedia":[{"embeddable":true,"href":"https:\/\/ladepeche.mr\/index.php?rest_route=\/wp\/v2\/media\/19815"}],"wp:attachment":[{"href":"https:\/\/ladepeche.mr\/index.php?rest_route=%2Fwp%2Fv2%2Fmedia&parent=19814"}],"wp:term":[{"taxonomy":"category","embeddable":true,"href":"https:\/\/ladepeche.mr\/index.php?rest_route=%2Fwp%2Fv2%2Fcategories&post=19814"},{"taxonomy":"post_tag","embeddable":true,"href":"https:\/\/ladepeche.mr\/index.php?rest_route=%2Fwp%2Fv2%2Ftags&post=19814"}],"curies":[{"name":"wp","href":"https:\/\/api.w.org\/{rel}","templated":true}]}}