{"id":19821,"date":"2025-12-26T17:50:50","date_gmt":"2025-12-26T17:50:50","guid":{"rendered":"https:\/\/ladepeche.mr\/?p=19821"},"modified":"2025-12-26T18:18:15","modified_gmt":"2025-12-26T18:18:15","slug":"yemen-le-gouvernement-mauritanien-prend-position-en-faveur-de-larabia-saoudite","status":"publish","type":"post","link":"https:\/\/ladepeche.mr\/?p=19821","title":{"rendered":"Yemen : Le gouvernement mauritanien prend position en faveur de l\u2019Arabie Saoudite"},"content":{"rendered":"<p>Le gouvernement mauritanien a exprim\u00e9 son soutien \u00e0 l\u2019Arabie Saoudite suite \u00e0 ses frappes a\u00e9riennes contre les s\u00e9paratistes y\u00e9m\u00e9nites du Conseil de transition du Sud (STC) soutenu par les Emirats arabes unis., a-t-on officiellement appris vendredi dans la capitale mauritanienne.<br \/>\nSelon l\u2019agence de presse officielle, \u00ab la R\u00e9publique islamique de Mauritanie a r\u00e9affirm\u00e9 son plein soutien aux efforts d\u00e9ploy\u00e9s par le Royaume fr\u00e8re d\u2019Arabie saoudite, en coop\u00e9ration avec les parties concern\u00e9es aux niveaux r\u00e9gional et international, pour contenir les r\u00e9cents d\u00e9veloppements au Y\u00e9men et parvenir \u00e0 des solutions responsables et pacifiques fond\u00e9es sur le dialogue, le respect des institutions et la primaut\u00e9 de l\u2019int\u00e9r\u00eat national supr\u00eame\u00bb.<br \/>\nL\u2019Arabie saoudite, principal soutien \u00e0 l\u2019Alliance tribale de Hadramaout (ATH), a men\u00e9 vendredi des frappes a\u00e9riennes dans l\u2019est du Y\u00e9men contre des positions des s\u00e9paratistes y\u00e9m\u00e9nites du Conseil de transition du Sud (STC) soutenu par les Emirats arabes unis.<br \/>\nL\u2019attaque men\u00e9e \u00e0 Wadi Nahb, qui n\u2019aurait fait aucune victime, est intervenue au lendemain d\u2019un appel de Ryad demandant aux s\u00e9paratistes de restituer \u00e0 Aden des territoires r\u00e9cemment conquis dans l\u2019est du pays. Les s\u00e9paratistes yem\u00e9nites pr\u00e9tendent avoir r\u00e9agi en fomentant deux attaques.<br \/>\nDans un communiqu\u00e9 un communiqu\u00e9 du minist\u00e8re des Affaires \u00e9trang\u00e8res, de la Coop\u00e9ration africaine et des Mauritaniens \u00e0 l\u2019Ext\u00e9rieur, cit\u00e9 par l\u2019Ami, le gouvernement mauritanien indique, par ailleurs, qu\u2019il suivrait \u00ab avec int\u00e9r\u00eat les r\u00e9cents d\u00e9veloppements sur la sc\u00e8ne y\u00e9m\u00e9nite, soulignant la n\u00e9cessit\u00e9 de restaurer la stabilit\u00e9 de ce pays fr\u00e8re et de consolider sa s\u00e9curit\u00e9, d\u2019une mani\u00e8re qui r\u00e9ponde aux aspirations du peuple y\u00e9m\u00e9nite \u00e0 une paix durable et \u00e0 un d\u00e9veloppement inclusif \u00bb.<br \/>\nLa Mauritanie, rappelle-t-on, fait partie, dans ses positions au Moyen Orient, de l&#8217;axe de l&#8217;Arabie Saoudite mais entretient \u00e9galement des relations pouss\u00e9es avec les Emirats Arabes Unis.<\/p>\n","protected":false},"excerpt":{"rendered":"<p>Le gouvernement mauritanien a exprim\u00e9 son soutien \u00e0 l\u2019Arabie Saoudite suite \u00e0 ses frappes a\u00e9riennes contre les s\u00e9paratistes y\u00e9m\u00e9nites du Conseil de transition du Sud (STC) soutenu par les Emirats arabes unis., a-t-on officiellement appris vendredi dans la capitale mauritanienne. Selon l\u2019agence de presse officielle, \u00ab la R\u00e9publique islamique de Mauritanie a r\u00e9affirm\u00e9 son plein &hellip;<\/p>\n","protected":false},"author":2,"featured_media":5952,"comment_status":"open","ping_status":"open","sticky":false,"template":"","format":"standard","meta":{"footnotes":""},"categories":[18,29],"tags":[],"class_list":["post-19821","post","type-post","status-publish","format-standard","has-post-thumbnail","hentry","category-actualites","category-monde"],"_links":{"self":[{"href":"https:\/\/ladepeche.mr\/index.php?rest_route=\/wp\/v2\/posts\/19821","targetHints":{"allow":["GET"]}}],"collection":[{"href":"https:\/\/ladepeche.mr\/index.php?rest_route=\/wp\/v2\/posts"}],"about":[{"href":"https:\/\/ladepeche.mr\/index.php?rest_route=\/wp\/v2\/types\/post"}],"author":[{"embeddable":true,"href":"https:\/\/ladepeche.mr\/index.php?rest_route=\/wp\/v2\/users\/2"}],"replies":[{"embeddable":true,"href":"https:\/\/ladepeche.mr\/index.php?rest_route=%2Fwp%2Fv2%2Fcomments&post=19821"}],"version-history":[{"count":2,"href":"https:\/\/ladepeche.mr\/index.php?rest_route=\/wp\/v2\/posts\/19821\/revisions"}],"predecessor-version":[{"id":19828,"href":"https:\/\/ladepeche.mr\/index.php?rest_route=\/wp\/v2\/posts\/19821\/revisions\/19828"}],"wp:featuredmedia":[{"embeddable":true,"href":"https:\/\/ladepeche.mr\/index.php?rest_route=\/wp\/v2\/media\/5952"}],"wp:attachment":[{"href":"https:\/\/ladepeche.mr\/index.php?rest_route=%2Fwp%2Fv2%2Fmedia&parent=19821"}],"wp:term":[{"taxonomy":"category","embeddable":true,"href":"https:\/\/ladepeche.mr\/index.php?rest_route=%2Fwp%2Fv2%2Fcategories&post=19821"},{"taxonomy":"post_tag","embeddable":true,"href":"https:\/\/ladepeche.mr\/index.php?rest_route=%2Fwp%2Fv2%2Ftags&post=19821"}],"curies":[{"name":"wp","href":"https:\/\/api.w.org\/{rel}","templated":true}]}}