{"id":19834,"date":"2025-12-27T11:32:08","date_gmt":"2025-12-27T11:32:08","guid":{"rendered":"https:\/\/ladepeche.mr\/?p=19834"},"modified":"2025-12-27T11:32:08","modified_gmt":"2025-12-27T11:32:08","slug":"acquisition-de-la-nationalite-francaise-la-tunisie-affiche-la-plus-forte-hausse-du-maghreb","status":"publish","type":"post","link":"https:\/\/ladepeche.mr\/?p=19834","title":{"rendered":"Acquisition de la nationalit\u00e9 fran\u00e7aise : la Tunisie affiche la plus forte hausse du Maghreb"},"content":{"rendered":"<p>Selon la nouvelle \u00e9dition de \u201cLes chiffres cl\u00e9s de l\u2019immigration 2024\u201d publi\u00e9e par le minist\u00e8re fran\u00e7ais de l\u2019Int\u00e9rieur, 7 250 Tunisiens ont acquis la nationalit\u00e9 fran\u00e7aise en 2024, soit une progression de 13,9 % par rapport \u00e0 2023, la plus forte hausse parmi les principaux pays du Maghreb.<\/p>\n<p>Cette progression place la Tunisie derri\u00e8re le Maroc (14 454 acquisitions, +8,7 %) et l\u2019Alg\u00e9rie (12 002 acquisitions, +5,2 %), mais devant d\u2019autres pays comme la Turquie (+2,5 %), la C\u00f4te d\u2019Ivoire (+11,8 %) ou le S\u00e9n\u00e9gal (+9,8 %).<\/p>\n<p>En effet, les trois pays du Maghreb repr\u00e9sentent un nouveau Fran\u00e7ais sur trois, avec un total combin\u00e9 de 33 706 naturalisations. La Tunisie se distingue par sa forte augmentation en pourcentage, confirmant un dynamisme particulier dans le processus de naturalisation.<\/p>\n<p>Par ailleurs, parmi les Tunisiens naturalis\u00e9s, 27,5 % ont b\u00e9n\u00e9fici\u00e9 de la d\u00e9claration anticip\u00e9e, qui permet aux jeunes n\u00e9s en France ou r\u00e9sidant depuis longtemps de devenir Fran\u00e7ais d\u00e8s 16 ans sous certaines conditions. Cette modalit\u00e9 est particuli\u00e8rement r\u00e9pandue pour les ressortissants turcs et comoriens (77,6 % et 77,9 % respectivement), tandis que les Marocains et Alg\u00e9riens se situent autour de 28 %.<\/p>\n<p>Il est \u00e0 noter que les dix nationalit\u00e9s les plus repr\u00e9sent\u00e9es concentrent 53 % des acquisitions, avec un total de 101 509 naturalisations toutes nationalit\u00e9s confondues. Parmi elles, les Tunisiens enregistrent la plus forte croissance relative, signe d\u2019un regain d\u2019activit\u00e9 apr\u00e8s les difficult\u00e9s de d\u00e9mat\u00e9rialisation des proc\u00e9dures en 2023.<\/p>\n<p>Provided by SyndiGate Media Inc. (Syndigate.info).<\/p>\n","protected":false},"excerpt":{"rendered":"<p>Selon la nouvelle \u00e9dition de \u201cLes chiffres cl\u00e9s de l\u2019immigration 2024\u201d publi\u00e9e par le minist\u00e8re fran\u00e7ais de l\u2019Int\u00e9rieur, 7 250 Tunisiens ont acquis la nationalit\u00e9 fran\u00e7aise en 2024, soit une progression de 13,9 % par rapport \u00e0 2023, la plus forte hausse parmi les principaux pays du Maghreb. Cette progression place la Tunisie derri\u00e8re le &hellip;<\/p>\n","protected":false},"author":2,"featured_media":19835,"comment_status":"open","ping_status":"open","sticky":false,"template":"","format":"standard","meta":{"footnotes":""},"categories":[18,29],"tags":[],"class_list":["post-19834","post","type-post","status-publish","format-standard","has-post-thumbnail","hentry","category-actualites","category-monde"],"_links":{"self":[{"href":"https:\/\/ladepeche.mr\/index.php?rest_route=\/wp\/v2\/posts\/19834","targetHints":{"allow":["GET"]}}],"collection":[{"href":"https:\/\/ladepeche.mr\/index.php?rest_route=\/wp\/v2\/posts"}],"about":[{"href":"https:\/\/ladepeche.mr\/index.php?rest_route=\/wp\/v2\/types\/post"}],"author":[{"embeddable":true,"href":"https:\/\/ladepeche.mr\/index.php?rest_route=\/wp\/v2\/users\/2"}],"replies":[{"embeddable":true,"href":"https:\/\/ladepeche.mr\/index.php?rest_route=%2Fwp%2Fv2%2Fcomments&post=19834"}],"version-history":[{"count":1,"href":"https:\/\/ladepeche.mr\/index.php?rest_route=\/wp\/v2\/posts\/19834\/revisions"}],"predecessor-version":[{"id":19836,"href":"https:\/\/ladepeche.mr\/index.php?rest_route=\/wp\/v2\/posts\/19834\/revisions\/19836"}],"wp:featuredmedia":[{"embeddable":true,"href":"https:\/\/ladepeche.mr\/index.php?rest_route=\/wp\/v2\/media\/19835"}],"wp:attachment":[{"href":"https:\/\/ladepeche.mr\/index.php?rest_route=%2Fwp%2Fv2%2Fmedia&parent=19834"}],"wp:term":[{"taxonomy":"category","embeddable":true,"href":"https:\/\/ladepeche.mr\/index.php?rest_route=%2Fwp%2Fv2%2Fcategories&post=19834"},{"taxonomy":"post_tag","embeddable":true,"href":"https:\/\/ladepeche.mr\/index.php?rest_route=%2Fwp%2Fv2%2Ftags&post=19834"}],"curies":[{"name":"wp","href":"https:\/\/api.w.org\/{rel}","templated":true}]}}