{"id":19837,"date":"2025-12-27T12:01:28","date_gmt":"2025-12-27T12:01:28","guid":{"rendered":"https:\/\/ladepeche.mr\/?p=19837"},"modified":"2025-12-27T12:01:28","modified_gmt":"2025-12-27T12:01:28","slug":"religions-d-trump-en-croisade-en-afrique","status":"publish","type":"post","link":"https:\/\/ladepeche.mr\/?p=19837","title":{"rendered":"Religions: D. Trump en croisade en Afrique"},"content":{"rendered":"<p>En ordonnant des frappes a\u00e9riennes contre des positions de l\u2019\u00c9tat islamique au Nigeria, Donald Trump inaugure une nouvelle phase de l\u2019engagement militaire am\u00e9ricain en Afrique, qu\u2019il pr\u00e9sente comme une v\u00e9ritable croisade pour la d\u00e9fense des chr\u00e9tiens. Le pr\u00e9sident am\u00e9ricain justifie ces op\u00e9rations par ce qu\u2019il d\u00e9crit comme une pers\u00e9cution religieuse et une \u00ab menace existentielle \u00bb pesant sur les chr\u00e9tiens nig\u00e9rians, allant jusqu\u2019\u00e0 \u00e9voquer un possible g\u00e9nocide.<\/p>\n<p>Cette rh\u00e9torique, largement diffus\u00e9e sur ses r\u00e9seaux sociaux, s\u2019inscrit dans une vision manich\u00e9enne du conflit : d\u2019un c\u00f4t\u00e9, des groupes jihadistes assimil\u00e9s \u00e0 un ennemi absolu ; de l\u2019autre, des communaut\u00e9s chr\u00e9tiennes que Washington se donne pour mission de prot\u00e9ger. En utilisant un vocabulaire guerrier et religieux, Donald Trump d\u00e9passe le simple cadre de la lutte antiterroriste pour donner \u00e0 son action une dimension id\u00e9ologique, voire civilisationnelle.<\/p>\n<p>Pourtant, sur le terrain, la r\u00e9alit\u00e9 est plus complexe. Le Nigeria est confront\u00e9 \u00e0 une violence multiforme m\u00ealant jihadisme, banditisme arm\u00e9 et conflits locaux li\u00e9s aux ressources, qui touchent aussi bien des musulmans que des chr\u00e9tiens. Le gouvernement nig\u00e9rian, tout comme de nombreux analystes, rejette l\u2019id\u00e9e d\u2019une pers\u00e9cution religieuse cibl\u00e9e, soulignant que les causes de l\u2019ins\u00e9curit\u00e9 sont avant tout politiques, \u00e9conomiques et territoriales.<\/p>\n<p>En d\u00e9pit de ces nuances, Donald Trump semble vouloir imposer sa lecture du conflit, s\u2019appuyant sur des arguments d\u00e9j\u00e0 port\u00e9s de longue date par la droite chr\u00e9tienne am\u00e9ricaine. Cette intervention militaire, la premi\u00e8re de son mandat au Nigeria, marque ainsi un tournant : l\u2019Afrique devient un nouveau th\u00e9\u00e2tre o\u00f9 le pr\u00e9sident am\u00e9ricain projette sa vision du monde, m\u00ealant lutte contre le terrorisme, affirmation de la puissance am\u00e9ricaine et d\u00e9fense proclam\u00e9e des chr\u00e9tiens.<\/p>\n<p>Derri\u00e8re la coop\u00e9ration s\u00e9curitaire affich\u00e9e avec Abuja, cette \u201ccroisade\u201d africaine interroge donc autant les motivations r\u00e9elles de Washington que les cons\u00e9quences d\u2019une intervention fond\u00e9e sur une lecture religieuse de conflits profond\u00e9ment enracin\u00e9s dans des dynamiques locales complexes.<\/p>\n","protected":false},"excerpt":{"rendered":"<p>En ordonnant des frappes a\u00e9riennes contre des positions de l\u2019\u00c9tat islamique au Nigeria, Donald Trump inaugure une nouvelle phase de l\u2019engagement militaire am\u00e9ricain en Afrique, qu\u2019il pr\u00e9sente comme une v\u00e9ritable croisade pour la d\u00e9fense des chr\u00e9tiens. Le pr\u00e9sident am\u00e9ricain justifie ces op\u00e9rations par ce qu\u2019il d\u00e9crit comme une pers\u00e9cution religieuse et une \u00ab menace existentielle &hellip;<\/p>\n","protected":false},"author":2,"featured_media":19838,"comment_status":"open","ping_status":"open","sticky":false,"template":"","format":"standard","meta":{"footnotes":""},"categories":[18,29],"tags":[],"class_list":["post-19837","post","type-post","status-publish","format-standard","has-post-thumbnail","hentry","category-actualites","category-monde"],"_links":{"self":[{"href":"https:\/\/ladepeche.mr\/index.php?rest_route=\/wp\/v2\/posts\/19837","targetHints":{"allow":["GET"]}}],"collection":[{"href":"https:\/\/ladepeche.mr\/index.php?rest_route=\/wp\/v2\/posts"}],"about":[{"href":"https:\/\/ladepeche.mr\/index.php?rest_route=\/wp\/v2\/types\/post"}],"author":[{"embeddable":true,"href":"https:\/\/ladepeche.mr\/index.php?rest_route=\/wp\/v2\/users\/2"}],"replies":[{"embeddable":true,"href":"https:\/\/ladepeche.mr\/index.php?rest_route=%2Fwp%2Fv2%2Fcomments&post=19837"}],"version-history":[{"count":1,"href":"https:\/\/ladepeche.mr\/index.php?rest_route=\/wp\/v2\/posts\/19837\/revisions"}],"predecessor-version":[{"id":19839,"href":"https:\/\/ladepeche.mr\/index.php?rest_route=\/wp\/v2\/posts\/19837\/revisions\/19839"}],"wp:featuredmedia":[{"embeddable":true,"href":"https:\/\/ladepeche.mr\/index.php?rest_route=\/wp\/v2\/media\/19838"}],"wp:attachment":[{"href":"https:\/\/ladepeche.mr\/index.php?rest_route=%2Fwp%2Fv2%2Fmedia&parent=19837"}],"wp:term":[{"taxonomy":"category","embeddable":true,"href":"https:\/\/ladepeche.mr\/index.php?rest_route=%2Fwp%2Fv2%2Fcategories&post=19837"},{"taxonomy":"post_tag","embeddable":true,"href":"https:\/\/ladepeche.mr\/index.php?rest_route=%2Fwp%2Fv2%2Ftags&post=19837"}],"curies":[{"name":"wp","href":"https:\/\/api.w.org\/{rel}","templated":true}]}}