{"id":19840,"date":"2025-12-27T12:33:05","date_gmt":"2025-12-27T12:33:05","guid":{"rendered":"https:\/\/ladepeche.mr\/?p=19840"},"modified":"2025-12-27T12:33:05","modified_gmt":"2025-12-27T12:33:05","slug":"bureau-politique-insaf-equilibre-entre-vieille-garde-et-sa-progeniture","status":"publish","type":"post","link":"https:\/\/ladepeche.mr\/?p=19840","title":{"rendered":"Bureau politique &#8220;Insaf&#8221;: \u00e9quilibre entre &#8220;vieille garde&#8221; et sa prog\u00e9niture!"},"content":{"rendered":"<p>Le parti &#8220;Insaf&#8221; au pouvoir en Mauritanie vient d&#8217;annoncer la liste de son bureau politique, compos\u00e9 de soixante-trois (63) membres \u00e9lus, auxquels s\u2019ajoutent quatorze (14) membres de droit.<br \/>\nLa liste des 77 membres consacre le statu quo politique ante. A quelques rares exceptions, le parti a reconduit ses caciques dont la pr\u00e9sence remonte au parti du PRDS, de l&#8217;ancien pr\u00e9sident Maaouiya Ould Sid&#8217;Ahmed Taya, en passant par la vieille garde sous l&#8217;UPR et ses rejetons de &#8220;Insaf&#8221;. R\u00e9sultats, l&#8217;ascension politique est renouvel\u00e9e \u00e0 une vieille classe politique qui a compos\u00e9 avec tous les r\u00e9gimes et ferme toute ambition de renouveau et de rajeunissement au sein du parti. <\/p>\n<p>Voici la liste officielle des membres du bureau politique:<\/p>\n<p>Abdellahi Ould Ben Souleiman,<br \/>\nAhmed Khatri,<br \/>\nAhmed Salem Arbi<br \/>\nAhmed Salem Fadel,<br \/>\nAhmed Cheikh Hadrami,<br \/>\nAissata Kane,<br \/>\nAli Ould Issa,<br \/>\nBa Amadou Abdellahi<br \/>\nBa Othmane,<br \/>\nBaba Brahim Boilil,<br \/>\nCheikh Baya,<br \/>\nCheikh Beddah,<br \/>\nCheikh Samba,<br \/>\nEly Bettar,<br \/>\nSidi Othmane,<br \/>\nAhmeidit Echine,<br \/>\nBekaye El Khou,<br \/>\nHassan Belkheir,<br \/>\nHadrami Wedad,<br \/>\nMoudir Ould Bouna,<br \/>\nEmane Ibrahim Ghade<br \/>\nIkabrou Mohamed,<br \/>\nIsselmou Sidi Ahmed dje,<br \/>\nJiddou Khatri,<br \/>\nKhadija Mint Cheikh Melainine,<br \/>\nKhadija Mint Lekouiri,<br \/>\nKhadija Sghaer Ould Mbark,<br \/>\nLalla Mint Rachid Saleh,<br \/>\nLahbouss Ould El Aid,<br \/>\nLeila Bouamatou,<br \/>\nLemat Ould El Mokhtar,<br \/>\nLimam Abdawa<br \/>\nLimam Ould Ebnou,<br \/>\nMohamed Abdellahi Ould Louli,<br \/>\nMohamed El Gheith Cheikh El Hadrami,<br \/>\nMohamed Ahmedou Abdi,<br \/>\nMohamed El Ghali Ould Mohamed El Kebir Ould Mayouf,<br \/>\nMohamed El Mokhtar Taleb Nafae,<br \/>\nMohamed Lemine Mohamed Saadna,<br \/>\nMohamed Biha,<br \/>\nMohamed Bowba Jedou,<br \/>\nMohamed Abdallah Oubeid,<br \/>\nMohamed Ebyaye,<br \/>\nMohamed Salem Ould Boukhreiss,<br \/>\nMohamed Yahya Sa\u00efd,<br \/>\nNiang Mamadou Mamoudou,<br \/>\nSaadani Kheitoura,<br \/>\nSadfi Sidi Mohamed,<br \/>\nSafia Ntah,<br \/>\nSalma Hademine,<br \/>\nSamba Thiam<br \/>\nSemega Mamadou,<br \/>\nSidi Ahmed Benane,<br \/>\nSidi Ahmed Ra\u00efs,<br \/>\nSidi Mohamed El Ghaber,<br \/>\nSidi Ibrahim,<br \/>\nSidi Moulay Zeine,<br \/>\nSidi Zeine,<br \/>\nSidney Sokhna,<br \/>\nSow Alassane,<br \/>\nYacoub Salem Fall,<br \/>\nYerab Alman,<br \/>\nZeineb Ahmednah.<\/p>\n","protected":false},"excerpt":{"rendered":"<p>Le parti &#8220;Insaf&#8221; au pouvoir en Mauritanie vient d&#8217;annoncer la liste de son bureau politique, compos\u00e9 de soixante-trois (63) membres \u00e9lus, auxquels s\u2019ajoutent quatorze (14) membres de droit. La liste des 77 membres consacre le statu quo politique ante. A quelques rares exceptions, le parti a reconduit ses caciques dont la pr\u00e9sence remonte au parti &hellip;<\/p>\n","protected":false},"author":2,"featured_media":7624,"comment_status":"open","ping_status":"open","sticky":false,"template":"","format":"standard","meta":{"footnotes":""},"categories":[18,31],"tags":[],"class_list":["post-19840","post","type-post","status-publish","format-standard","has-post-thumbnail","hentry","category-actualites","category-politique-et-reportages"],"_links":{"self":[{"href":"https:\/\/ladepeche.mr\/index.php?rest_route=\/wp\/v2\/posts\/19840","targetHints":{"allow":["GET"]}}],"collection":[{"href":"https:\/\/ladepeche.mr\/index.php?rest_route=\/wp\/v2\/posts"}],"about":[{"href":"https:\/\/ladepeche.mr\/index.php?rest_route=\/wp\/v2\/types\/post"}],"author":[{"embeddable":true,"href":"https:\/\/ladepeche.mr\/index.php?rest_route=\/wp\/v2\/users\/2"}],"replies":[{"embeddable":true,"href":"https:\/\/ladepeche.mr\/index.php?rest_route=%2Fwp%2Fv2%2Fcomments&post=19840"}],"version-history":[{"count":1,"href":"https:\/\/ladepeche.mr\/index.php?rest_route=\/wp\/v2\/posts\/19840\/revisions"}],"predecessor-version":[{"id":19841,"href":"https:\/\/ladepeche.mr\/index.php?rest_route=\/wp\/v2\/posts\/19840\/revisions\/19841"}],"wp:featuredmedia":[{"embeddable":true,"href":"https:\/\/ladepeche.mr\/index.php?rest_route=\/wp\/v2\/media\/7624"}],"wp:attachment":[{"href":"https:\/\/ladepeche.mr\/index.php?rest_route=%2Fwp%2Fv2%2Fmedia&parent=19840"}],"wp:term":[{"taxonomy":"category","embeddable":true,"href":"https:\/\/ladepeche.mr\/index.php?rest_route=%2Fwp%2Fv2%2Fcategories&post=19840"},{"taxonomy":"post_tag","embeddable":true,"href":"https:\/\/ladepeche.mr\/index.php?rest_route=%2Fwp%2Fv2%2Ftags&post=19840"}],"curies":[{"name":"wp","href":"https:\/\/api.w.org\/{rel}","templated":true}]}}