{"id":19845,"date":"2025-12-27T14:30:10","date_gmt":"2025-12-27T14:30:10","guid":{"rendered":"https:\/\/ladepeche.mr\/?p=19845"},"modified":"2025-12-27T13:26:02","modified_gmt":"2025-12-27T13:26:02","slug":"accords-de-peche-avec-la-mauritanie-les-nouvelles-mesures-adoptees-a-saint-louis-pour-le-respect-de-la-reglementation","status":"publish","type":"post","link":"https:\/\/ladepeche.mr\/?p=19845","title":{"rendered":"Accords de p\u00eache avec la Mauritanie : Les nouvelles mesures adopt\u00e9es \u00e0 Saint-Louis pour le respect de la r\u00e9glementation"},"content":{"rendered":"<p>Les autorit\u00e9s s\u00e9n\u00e9galaises et leurs homologues de la R\u00e9publique Islamique de Mauritanie, accompagn\u00e9es des acteurs de la p\u00eache de la Langue de Barbarie, se sont r\u00e9unies durant trois jours \u00e0 l\u2019Hydrobase, \u00e0 Saint-Louis. Cette rencontre visait \u00e0 signer une convention garantissant l\u2019application stricte du protocole d\u2019accord de p\u00eache liant les deux nations.<\/p>\n<p>La mise en \u0153uvre effective des accords sign\u00e9s entre le S\u00e9n\u00e9gal et la Mauritanie a domin\u00e9 les \u00e9changes lors de ce conclave. Selon les informations rapport\u00e9es par Sud Quotidien, les discussions ont permis de passer en revue les conditions d\u2019ex\u00e9cution du protocole et d\u2019identifier les am\u00e9liorations n\u00e9cessaires. Amadou Dia, Directeur de la P\u00eache de la R\u00e9publique Islamique de Mauritanie et chef de la d\u00e9l\u00e9gation mauritanienne, a soulign\u00e9 que cette r\u00e9union a servi \u00e0 apporter des correctifs sur certaines dispositions probl\u00e9matiques. Il a pr\u00e9cis\u00e9 que des pouvoirs accrus ont \u00e9t\u00e9 d\u00e9l\u00e9gu\u00e9s au comit\u00e9 conjoint bas\u00e9 \u00e0 Saint-Louis pour op\u00e9rationnaliser les d\u00e9cisions et lever les goulots d\u2019\u00e9tranglement, notamment concernant les conditions de d\u00e9barquement des embarcations en terre mauritanienne.<\/p>\n<p>Du c\u00f4t\u00e9 s\u00e9n\u00e9galais, l\u2019accent a \u00e9t\u00e9 mis sur le respect scrupuleux des normes \u00e9tablies. Cheikh Fall, Directeur des p\u00eaches maritimes, a qualifi\u00e9 les \u00e9changes de francs et techniques. Il a insist\u00e9 sur l\u2019imp\u00e9ratif pour les p\u00eacheurs artisanaux s\u00e9n\u00e9galais de respecter la clause de d\u00e9barquement de 6% en Mauritanie, ainsi que les zones de p\u00eache d\u00e9limit\u00e9es. Les autorit\u00e9s ont exhort\u00e9 les acteurs \u00e0 se conformer \u00e0 la l\u00e9gislation mauritanienne et aux types de filets autoris\u00e9s. L\u2019engagement du Conseil Local de P\u00eache Artisanale (CLPA) et du Comit\u00e9 de Gestion des p\u00eaches de Saint-Louis a \u00e9t\u00e9 sollicit\u00e9 pour assurer le suivi de ces recommandations et garantir une p\u00eache responsable.<br \/>\nhttps:\/\/senego.com\/accords-de-peche-avec-la-mauritanie-les-nouvelles-mesures-adoptees-a-saint-louis-pour-le-respect-de-la-reglementation_1906731.html<\/p>\n","protected":false},"excerpt":{"rendered":"<p>Les autorit\u00e9s s\u00e9n\u00e9galaises et leurs homologues de la R\u00e9publique Islamique de Mauritanie, accompagn\u00e9es des acteurs de la p\u00eache de la Langue de Barbarie, se sont r\u00e9unies durant trois jours \u00e0 l\u2019Hydrobase, \u00e0 Saint-Louis. Cette rencontre visait \u00e0 signer une convention garantissant l\u2019application stricte du protocole d\u2019accord de p\u00eache liant les deux nations. La mise en &hellip;<\/p>\n","protected":false},"author":2,"featured_media":19846,"comment_status":"open","ping_status":"open","sticky":false,"template":"","format":"standard","meta":{"footnotes":""},"categories":[18,29],"tags":[],"class_list":["post-19845","post","type-post","status-publish","format-standard","has-post-thumbnail","hentry","category-actualites","category-monde"],"_links":{"self":[{"href":"https:\/\/ladepeche.mr\/index.php?rest_route=\/wp\/v2\/posts\/19845","targetHints":{"allow":["GET"]}}],"collection":[{"href":"https:\/\/ladepeche.mr\/index.php?rest_route=\/wp\/v2\/posts"}],"about":[{"href":"https:\/\/ladepeche.mr\/index.php?rest_route=\/wp\/v2\/types\/post"}],"author":[{"embeddable":true,"href":"https:\/\/ladepeche.mr\/index.php?rest_route=\/wp\/v2\/users\/2"}],"replies":[{"embeddable":true,"href":"https:\/\/ladepeche.mr\/index.php?rest_route=%2Fwp%2Fv2%2Fcomments&post=19845"}],"version-history":[{"count":1,"href":"https:\/\/ladepeche.mr\/index.php?rest_route=\/wp\/v2\/posts\/19845\/revisions"}],"predecessor-version":[{"id":19847,"href":"https:\/\/ladepeche.mr\/index.php?rest_route=\/wp\/v2\/posts\/19845\/revisions\/19847"}],"wp:featuredmedia":[{"embeddable":true,"href":"https:\/\/ladepeche.mr\/index.php?rest_route=\/wp\/v2\/media\/19846"}],"wp:attachment":[{"href":"https:\/\/ladepeche.mr\/index.php?rest_route=%2Fwp%2Fv2%2Fmedia&parent=19845"}],"wp:term":[{"taxonomy":"category","embeddable":true,"href":"https:\/\/ladepeche.mr\/index.php?rest_route=%2Fwp%2Fv2%2Fcategories&post=19845"},{"taxonomy":"post_tag","embeddable":true,"href":"https:\/\/ladepeche.mr\/index.php?rest_route=%2Fwp%2Fv2%2Ftags&post=19845"}],"curies":[{"name":"wp","href":"https:\/\/api.w.org\/{rel}","templated":true}]}}