{"id":19848,"date":"2025-12-27T15:30:55","date_gmt":"2025-12-27T15:30:55","guid":{"rendered":"https:\/\/ladepeche.mr\/?p=19848"},"modified":"2025-12-27T13:32:45","modified_gmt":"2025-12-27T13:32:45","slug":"le-ministre-de-la-sante-supervise-le-lancement-de-la-nouvelle-reference-medicale","status":"publish","type":"post","link":"https:\/\/ladepeche.mr\/?p=19848","title":{"rendered":"Le ministre de la Sant\u00e9 supervise le lancement de la nouvelle r\u00e9f\u00e9rence m\u00e9dicale"},"content":{"rendered":"<p>Le ministre de la Sant\u00e9, M. Mohamed Mahmoud Ould Ely Mahmoud, a supervis\u00e9 vendredi, au Centre National de Cardiologie de Nouakchott, le lancement officiel de l\u2019application de la nouvelle r\u00e9f\u00e9rence m\u00e9dicale r\u00e9cemment approuv\u00e9e.<\/p>\n<p>Le ministre et la d\u00e9l\u00e9gation qui l\u2019accompagne ont proc\u00e9d\u00e9 \u00e0 un premier essai du nouveau syst\u00e8me, pour s\u2019assurer de son \u00e9tat de pr\u00e9paration et commencer effectivement \u00e0 le mettre en \u0153uvre dans les \u00e9tablissements de sant\u00e9 publics, en garantissant que l\u2019acc\u00e8s des patients aux services m\u00e9dicaux soit facilit\u00e9 de mani\u00e8re fluide, s\u00fbre et s\u00e9curis\u00e9e.<\/p>\n<p>Dans une d\u00e9claration \u00e0 l\u2019Agence Mauritanienne d\u2019Information, le ministre a expliqu\u00e9 avoir retir\u00e9 le premier extrait m\u00e9dical \u00e0 travers le nouveau syst\u00e8me, expliquant que ce syst\u00e8me repr\u00e9sente un saut qualitatif dans la voie du d\u00e9veloppement du syst\u00e8me de sant\u00e9.<\/p>\n<p>Il a ajout\u00e9 que cette r\u00e9f\u00e9rence m\u00e9dicale a fait l\u2019objet au cours d\u2019une ann\u00e9e d\u2019une r\u00e9vision et d\u2019une correction, et qu\u2019elle est devenue une n\u00e9cessit\u00e9 imp\u00e9rieuse, d\u2019autant plus que Son Excellence le Pr\u00e9sident de la R\u00e9publique a engag\u00e9 le gouvernement sur la n\u00e9cessit\u00e9 de parvenir \u00e0 une couverture maladie compl\u00e8te et \u00e0 renforcer l\u2019efficacit\u00e9 de l\u2019assurance maladie.<\/p>\n<p>Le ministre a expliqu\u00e9 que cette r\u00e9f\u00e9rence a permis de doubler la qualit\u00e9 des services fournis, passant d\u2019environ 900 \u00e0 plus de 3.000 services m\u00e9dicaux selon les bases scientifiques, ce qui contribue \u00e0 organiser et contr\u00f4ler les services de sant\u00e9 et \u00e0 am\u00e9liorer leurs prestations.<\/p>\n<p>Le directeur g\u00e9n\u00e9ral du Centre National de Cardiologie, M. Ahmed Ould Ebba, a fait une pr\u00e9sentation sur la nouvelle r\u00e9f\u00e9rence m\u00e9dicale, expliquant les avantages, les caract\u00e9ristiques et les am\u00e9liorations qu\u2019elle apporterait au syst\u00e8me de sant\u00e9 du pays, soulignant que la mise en \u0153uvre de cette r\u00e9f\u00e9rence contribuera \u00e0 faciliter l\u2019acc\u00e8s au service m\u00e9dical de mani\u00e8re plus compl\u00e8te et plus fluide.<\/p>\n<p>Le lancement officiel de l\u2019application du nouveau r\u00e9f\u00e9rentiel m\u00e9dical a eu lieu en pr\u00e9sence de plusieurs responsables du minist\u00e8re de la Sant\u00e9, du directeur g\u00e9n\u00e9ral de la Caisse nationale d\u2019assurance maladie \u00ab Cnam \u00bb, du directeur de la Centrale d\u2019achat de m\u00e9dicaments et de mat\u00e9riel m\u00e9dical \u00ab CAMEC \u00bb, et de plusieurs directeurs centraux et de centres de sant\u00e9 de Nouakchott.<br \/>\nAmi<\/p>\n","protected":false},"excerpt":{"rendered":"<p>Le ministre de la Sant\u00e9, M. Mohamed Mahmoud Ould Ely Mahmoud, a supervis\u00e9 vendredi, au Centre National de Cardiologie de Nouakchott, le lancement officiel de l\u2019application de la nouvelle r\u00e9f\u00e9rence m\u00e9dicale r\u00e9cemment approuv\u00e9e. Le ministre et la d\u00e9l\u00e9gation qui l\u2019accompagne ont proc\u00e9d\u00e9 \u00e0 un premier essai du nouveau syst\u00e8me, pour s\u2019assurer de son \u00e9tat de &hellip;<\/p>\n","protected":false},"author":2,"featured_media":19849,"comment_status":"open","ping_status":"open","sticky":false,"template":"","format":"standard","meta":{"footnotes":""},"categories":[18,27],"tags":[],"class_list":["post-19848","post","type-post","status-publish","format-standard","has-post-thumbnail","hentry","category-actualites","category-sante"],"_links":{"self":[{"href":"https:\/\/ladepeche.mr\/index.php?rest_route=\/wp\/v2\/posts\/19848","targetHints":{"allow":["GET"]}}],"collection":[{"href":"https:\/\/ladepeche.mr\/index.php?rest_route=\/wp\/v2\/posts"}],"about":[{"href":"https:\/\/ladepeche.mr\/index.php?rest_route=\/wp\/v2\/types\/post"}],"author":[{"embeddable":true,"href":"https:\/\/ladepeche.mr\/index.php?rest_route=\/wp\/v2\/users\/2"}],"replies":[{"embeddable":true,"href":"https:\/\/ladepeche.mr\/index.php?rest_route=%2Fwp%2Fv2%2Fcomments&post=19848"}],"version-history":[{"count":1,"href":"https:\/\/ladepeche.mr\/index.php?rest_route=\/wp\/v2\/posts\/19848\/revisions"}],"predecessor-version":[{"id":19850,"href":"https:\/\/ladepeche.mr\/index.php?rest_route=\/wp\/v2\/posts\/19848\/revisions\/19850"}],"wp:featuredmedia":[{"embeddable":true,"href":"https:\/\/ladepeche.mr\/index.php?rest_route=\/wp\/v2\/media\/19849"}],"wp:attachment":[{"href":"https:\/\/ladepeche.mr\/index.php?rest_route=%2Fwp%2Fv2%2Fmedia&parent=19848"}],"wp:term":[{"taxonomy":"category","embeddable":true,"href":"https:\/\/ladepeche.mr\/index.php?rest_route=%2Fwp%2Fv2%2Fcategories&post=19848"},{"taxonomy":"post_tag","embeddable":true,"href":"https:\/\/ladepeche.mr\/index.php?rest_route=%2Fwp%2Fv2%2Ftags&post=19848"}],"curies":[{"name":"wp","href":"https:\/\/api.w.org\/{rel}","templated":true}]}}