{"id":19866,"date":"2025-12-30T10:03:04","date_gmt":"2025-12-30T10:03:04","guid":{"rendered":"https:\/\/ladepeche.mr\/?p=19866"},"modified":"2025-12-30T10:06:07","modified_gmt":"2025-12-30T10:06:07","slug":"conference-de-presse-de-biram-dah-abeid-le-spectre-de-mohamed-ould-sidi-yahya-plane","status":"publish","type":"post","link":"https:\/\/ladepeche.mr\/?p=19866","title":{"rendered":"Conf\u00e9rence de presse de Biram Dah Abeid : Le spectre de Mohamed Ould Sidi Yahya plane"},"content":{"rendered":"<p>Le d\u00e9put\u00e9 et pr\u00e9sident du mouvement IRA, Biram Dah Abeid, a accus\u00e9 le r\u00e9gime actuel de mener contre lui une campagne \u00ab f\u00e9roce \u00bb, qu\u2019il compare \u00e0 celle engag\u00e9e pr\u00e9c\u00e9demment contre pour le dialboliser par le pouvoir de l\u2019ex-pr\u00e9sident Mohamed Ould Abdel Aziz.<br \/>\nS\u2019exprimant lors d\u2019une conf\u00e9rence de presse tenue ce lundi, Biram Dah Abeid a affirm\u00e9 que le pr\u00e9sident Mohamed Ould Ghazouani, qu\u2019il a qualifi\u00e9 de dictateur, \u00ab continue de mobiliser contre lui, sans succ\u00e8s jusqu\u2019\u00e0 pr\u00e9sent des forces obscurantistes \u00bb. Pour cela il utiliserait les \u00e9rudits \u00e0 sa disposition.<br \/>\nLe discours du pr\u00e9sident de l\u2019Ira a largement \u00e9t\u00e9 consacr\u00e9, \u00e0 cet effet, \u00e0 \u00ab des attaques et menaces de mort\u00bb perp\u00e9tr\u00e9es contre lui par des adeptes de l\u2019ex\u00e9g\u00e8te Mohamed Ould Sidi Yahya.<br \/>\nIl a dans ce cadre exprim\u00e9 sa solidarit\u00e9 avec les personnes poursuivies \u00ab pour leurs opinions et avec les d\u00e9tenus qu\u2019il a qualifi\u00e9s de victimes de r\u00e8glements de comptes internes.<br \/>\nBda estime qu\u2019il ne repr\u00e9sente pas un groupe particulier, mais qu\u2019il d\u00e9fend l\u2019ensemble des opprim\u00e9s, toutes composantes confondues.<br \/>\nIl a par ailleurs d\u00e9nonc\u00e9 l\u2019inaction du pouvoir l\u00e9gislatif face aux menaces dont il dit avoir \u00e9t\u00e9 victime, ainsi que la d\u00e9put\u00e9e Kadietta Malick Diallo, y voyant un signe de la faiblesse du Parlement.<br \/>\nIl a r\u00e9v\u00e9l\u00e9 dans ce cadre avoir personnellement port\u00e9 plainte contre \u00abX \u00bb pour appel au meurtre<br \/>\nIl a enfin estim\u00e9 \u00e0 propos du dialogue que si les conditions de transparence \u00e9taient acquises, il aurait \u00e9t\u00e9 le premier \u00e0 s\u2019y conformer. Chose pour laquelle, le r\u00e9gime n\u2019est pas encore dispos\u00e9 a-t-il soutenu.<\/p>\n","protected":false},"excerpt":{"rendered":"<p>Le d\u00e9put\u00e9 et pr\u00e9sident du mouvement IRA, Biram Dah Abeid, a accus\u00e9 le r\u00e9gime actuel de mener contre lui une campagne \u00ab f\u00e9roce \u00bb, qu\u2019il compare \u00e0 celle engag\u00e9e pr\u00e9c\u00e9demment contre pour le dialboliser par le pouvoir de l\u2019ex-pr\u00e9sident Mohamed Ould Abdel Aziz. S\u2019exprimant lors d\u2019une conf\u00e9rence de presse tenue ce lundi, Biram Dah Abeid &hellip;<\/p>\n","protected":false},"author":2,"featured_media":19869,"comment_status":"open","ping_status":"open","sticky":false,"template":"","format":"standard","meta":{"footnotes":""},"categories":[18,31],"tags":[],"class_list":["post-19866","post","type-post","status-publish","format-standard","has-post-thumbnail","hentry","category-actualites","category-politique-et-reportages"],"_links":{"self":[{"href":"https:\/\/ladepeche.mr\/index.php?rest_route=\/wp\/v2\/posts\/19866","targetHints":{"allow":["GET"]}}],"collection":[{"href":"https:\/\/ladepeche.mr\/index.php?rest_route=\/wp\/v2\/posts"}],"about":[{"href":"https:\/\/ladepeche.mr\/index.php?rest_route=\/wp\/v2\/types\/post"}],"author":[{"embeddable":true,"href":"https:\/\/ladepeche.mr\/index.php?rest_route=\/wp\/v2\/users\/2"}],"replies":[{"embeddable":true,"href":"https:\/\/ladepeche.mr\/index.php?rest_route=%2Fwp%2Fv2%2Fcomments&post=19866"}],"version-history":[{"count":4,"href":"https:\/\/ladepeche.mr\/index.php?rest_route=\/wp\/v2\/posts\/19866\/revisions"}],"predecessor-version":[{"id":19872,"href":"https:\/\/ladepeche.mr\/index.php?rest_route=\/wp\/v2\/posts\/19866\/revisions\/19872"}],"wp:featuredmedia":[{"embeddable":true,"href":"https:\/\/ladepeche.mr\/index.php?rest_route=\/wp\/v2\/media\/19869"}],"wp:attachment":[{"href":"https:\/\/ladepeche.mr\/index.php?rest_route=%2Fwp%2Fv2%2Fmedia&parent=19866"}],"wp:term":[{"taxonomy":"category","embeddable":true,"href":"https:\/\/ladepeche.mr\/index.php?rest_route=%2Fwp%2Fv2%2Fcategories&post=19866"},{"taxonomy":"post_tag","embeddable":true,"href":"https:\/\/ladepeche.mr\/index.php?rest_route=%2Fwp%2Fv2%2Ftags&post=19866"}],"curies":[{"name":"wp","href":"https:\/\/api.w.org\/{rel}","templated":true}]}}